
{"id":2059,"date":"2010-11-03T08:00:33","date_gmt":"2010-11-03T06:00:33","guid":{"rendered":"http:\/\/adamczewski.blog.polityka.pl\/?p=2059"},"modified":"2010-10-26T16:08:57","modified_gmt":"2010-10-26T14:08:57","slug":"zgadnij-co-gotujemy-31","status":"publish","type":"post","link":"https:\/\/blog.polityka.pl\/adamczewski\/2010\/11\/03\/zgadnij-co-gotujemy-31\/","title":{"rendered":"Zgadnij co gotujemy?"},"content":{"rendered":"<p><a href=\"\/wp-content\/uploads\/2010\/10\/bary-mleczne1.jpg\"><img loading=\"lazy\" decoding=\"async\" class=\"alignright size-medium wp-image-2060\" title=\"bary-mleczne1\" src=\"\/wp-content\/uploads\/2010\/10\/bary-mleczne1-225x300.jpg\" alt=\"\" width=\"225\" height=\"300\" srcset=\"\/adamczewski\/wp-content\/uploads\/2010\/10\/bary-mleczne1-225x300.jpg 225w, \/adamczewski\/wp-content\/uploads\/2010\/10\/bary-mleczne1.jpg 360w\" sizes=\"(max-width: 225px) 100vw, 225px\" \/><\/a>\u00a0<\/p>\n<p>Obiecana ksi\u0105\u017cka B\u0142a\u017ceja Brzostka &#8222;PRL na widelcu&#8221;\u00a0 czeka na nowego w\u0142a\u015bciciela. To ksi\u0105\u017cka niedawno omawiana, bo\u00a0zaledwie dwa dni temu. Na rynku zd\u0105\u017cy\u0142a jednak szybko znale\u017a\u0107\u00a0 wielbicieli. Mam nadziej\u0119, \u017ce\u00a0&#8211; tak jak mnie\u00a0&#8211; i wam b\u0119dzie si\u0119 podoba\u0107. Albo chocia\u017c wzbudzi zainteresowanie. Poniewa\u017c pytania b\u0119d\u0105\u00a0&#8211; jak zwykle u nas\u00a0&#8211; trzyma\u0107 si\u0119 epoki, o kt\u00f3rej m\u00f3wi dzie\u0142o, to w szranki pewnie stan\u0105 ci, kt\u00f3rzy te czasy dobrze pami\u0119taj\u0105. Powodzenia!<\/p>\n<p>1.Instytucj\u0105 emblematyczn\u0105 dla PRL, gdzie mo\u017cna by\u0142o nawet smacznie i niedrogo zje\u015b\u0107 by\u0142y&#8230; ?<\/p>\n<p>2.W tamtych czasach by\u0142y w Warszawie dwie s\u0142ynne kawiarnie, w kt\u00f3rych mo\u017cna by\u0142o zawsze spotka\u0107 S\u0142onimskiego, Konwickiego, Holoubka, G\u0142owackiego. Wymie\u0144 cho\u0107 jedn\u0105 z nich &#8230;<\/p>\n<p>3. Najwi\u0119kszy sklep samoobs\u0142ugowy w PRL otwarto w 1962 roku; jak si\u0119 nazywa\u0142?<\/p>\n<p>Zawodnicy ju\u017c pognali do komputer\u00f3w. Odpowiedzi wysy\u0142aj\u0105 zapewne na znany sobie adres czyli: <a href=\"mailto:internet@polityka.com.pl\">internet@polityka.com.pl<\/a>\u00a0\u00a0 O przyznaniu nagrody rozstrzygnie czas i komisja w sk\u0142adzie jednoosobowym. Czyli wszystko po staremu!<\/p>\n<p>\u00a0<\/p>\n<p>\u00a0<\/p>\n<p>\u00a0<\/p>\n<p>\u00a0<\/p>\n<p>\u00a0<\/p>\n<p>\u00a0<\/p>\n<p>\u00a0<\/p>\n<p>\u00a0<\/p>\n<p>\u00a0<\/p>\n<p>\u00a0<\/p>\n","protected":false},"excerpt":{"rendered":"<p>\u00a0 Obiecana ksi\u0105\u017cka B\u0142a\u017ceja Brzostka &#8222;PRL na widelcu&#8221;\u00a0 czeka na nowego w\u0142a\u015bciciela. To ksi\u0105\u017cka niedawno omawiana, bo\u00a0zaledwie dwa dni temu. Na rynku zd\u0105\u017cy\u0142a jednak szybko znale\u017a\u0107\u00a0 wielbicieli. Mam nadziej\u0119, \u017ce\u00a0&#8211; tak jak mnie\u00a0&#8211; i wam b\u0119dzie si\u0119 podoba\u0107. Albo chocia\u017c wzbudzi zainteresowanie. Poniewa\u017c pytania b\u0119d\u0105\u00a0&#8211; jak zwykle u nas\u00a0&#8211; trzyma\u0107 si\u0119 epoki, o kt\u00f3rej m\u00f3wi [&hellip;]<\/p>\n","protected":false},"author":2,"featured_media":0,"comment_status":"open","ping_status":"open","sticky":false,"template":"","format":"standard","meta":{"footnotes":""},"categories":[1],"tags":[],"_links":{"self":[{"href":"https:\/\/blog.polityka.pl\/adamczewski\/wp-json\/wp\/v2\/posts\/2059"}],"collection":[{"href":"https:\/\/blog.polityka.pl\/adamczewski\/wp-json\/wp\/v2\/posts"}],"about":[{"href":"https:\/\/blog.polityka.pl\/adamczewski\/wp-json\/wp\/v2\/types\/post"}],"author":[{"embeddable":true,"href":"https:\/\/blog.polityka.pl\/adamczewski\/wp-json\/wp\/v2\/users\/2"}],"replies":[{"embeddable":true,"href":"https:\/\/blog.polityka.pl\/adamczewski\/wp-json\/wp\/v2\/comments?post=2059"}],"version-history":[{"count":0,"href":"https:\/\/blog.polityka.pl\/adamczewski\/wp-json\/wp\/v2\/posts\/2059\/revisions"}],"wp:attachment":[{"href":"https:\/\/blog.polityka.pl\/adamczewski\/wp-json\/wp\/v2\/media?parent=2059"}],"wp:term":[{"taxonomy":"category","embeddable":true,"href":"https:\/\/blog.polityka.pl\/adamczewski\/wp-json\/wp\/v2\/categories?post=2059"},{"taxonomy":"post_tag","embeddable":true,"href":"https:\/\/blog.polityka.pl\/adamczewski\/wp-json\/wp\/v2\/tags?post=2059"}],"curies":[{"name":"wp","href":"https:\/\/api.w.org\/{rel}","templated":true}]}}