
{"id":2063,"date":"2010-11-08T08:00:43","date_gmt":"2010-11-08T07:00:43","guid":{"rendered":"http:\/\/adamczewski.blog.polityka.pl\/?p=2063"},"modified":"2010-11-03T15:10:36","modified_gmt":"2010-11-03T14:10:36","slug":"festyny-i-kiermasze-z-bialym-ptakiem-w-herbie","status":"publish","type":"post","link":"https:\/\/blog.polityka.pl\/adamczewski\/2010\/11\/08\/festyny-i-kiermasze-z-bialym-ptakiem-w-herbie\/","title":{"rendered":"Festyny i kiermasze z bia\u0142ym ptakiem w herbie"},"content":{"rendered":"<p>Moje g\u0119si ju\u017c s\u0105 zam\u00f3wione. Odbior\u0119 je za kilka dni. Ju\u017c si\u0119 ciesz\u0119 z okazji mo\u017cliwo\u015bci przygotowania kilku r\u00f3\u017cnorodnych da\u0144 z g\u0119si bia\u0142ej owsianej wyhodowanej w Ko\u0142udzie Wielkiej. Aby i innym mieszka\u0144com (zw\u0142aszcza p\u00f3\u0142nocnej cz\u0119\u015bci) naszego pi\u0119knego kraju umo\u017cliwi\u0107 podobne przyjemno\u015bci zamieszczam komunikat o g\u0119sich imprezach.<\/p>\n<p>Ogromny sukces ubieg\u0142orocznej akcji promuj\u0105cej kujawsko-pomorsk\u0105 g\u0119sin\u0119 sprawi\u0142, \u017ce w tym roku postanowili\u015bmy poszerzy\u0107 formu\u0142\u0119 o nowe wydarzenia oraz ponownie zorganizowa\u0107 cykl festyn\u00f3w i kiermasz\u00f3w w najwi\u0119kszych miastach regionu &#8211; Bydgoszczy, Grudzi\u0105dzu, Inowroc\u0142awiu, Toruniu, W\u0142oc\u0142awku oraz w Rypinie w dniu Narodowego \u015awi\u0119ta Niepodleg\u0142o\u015bci &#8211; 11 listopada.<\/p>\n<p>Podstawowym celem festyn\u00f3w jest przybli\u017cenie mieszka\u0144com wojew\u00f3dztwa, a za po\u015brednictwem relacji medialnych r\u00f3wnie\u017c mieszka\u0144com innych region\u00f3w Polski, idei odrodzenia tradycji obecno\u015bci g\u0119siny na polskich sto\u0142ach. Podczas trwania festyn\u00f3w uczestnicy imprezy b\u0119d\u0105 mieli szans\u0119 zapozna\u0107 si\u0119 z r\u00f3\u017cnymi potrawami z g\u0119siny, spr\u00f3bowa\u0107 ich za niewielk\u0105 op\u0142at\u0105, a tak\u017ce zakupi\u0107 inne produkty regionalne pochodz\u0105ce z terenu wojew\u00f3dztwa kujawsko-pomorskiego. Poza tym zorganizowane zostan\u0105 liczne konkursy dotycz\u0105ce g\u0119siny oraz akcje edukacyjne, maj\u0105ce na celu podniesienie umiej\u0119tno\u015bci kulinarnych mieszka\u0144c\u00f3w regionu.<\/p>\n<p>Nowo\u015bci\u0105 tegorocznej edycji b\u0119dzie mo\u017cliwo\u015b\u0107 zakupu g\u0119siny i przetwor\u00f3w z g\u0119siny podczas trwania festyn\u00f3w oraz zam\u00f3wienia g\u0119si przez telefon. Projekt ten pozwoli z jednej strony zaspokoi\u0107 popyt na g\u0119sin\u0119, r\u00f3wnie\u017c podczas festyn\u00f3w, z drugiej za\u015b przyczyni\u0107 si\u0119 do skuteczniejszej promocji g\u0119siny jako regionalnego specja\u0142u. G\u0119sie tuszki ju\u017c mo\u017cna zamawia\u0107 pod numerem <strong>0 56 6812 222<\/strong>.<\/p>\n<p><em>&#8211; Podobnie jak w roku ubieg\u0142ym zorganizowane zostan\u0105 otwarte festyny w najwi\u0119kszych miastach regionu: Bydgoszczy, Grudzi\u0105dzu, Inowroc\u0142awiu, Toruniu i W\u0142oc\u0142awku oraz dodatkowo w Rypinie<\/em> &#8211; m\u00f3wi marsza\u0142ek wojew\u00f3dztwa Piotr Ca\u0142becki. <em>&#8211; Rypin pojawia si\u0119 w tegorocznej edycji nie przypadkowo. To w\u0142a\u015bnie stamt\u0105d pochodzi druga, obok ko\u0142udzkiej odmiana g\u0119si z naszego wojew\u00f3dztwa &#8211; g\u0119\u015b rypi\u0144ska.\u00a0 <\/em><\/p>\n<p>Festyny zorganizowane zostan\u0105 w Bydgoszczy, Grudzi\u0105dzu, Inowroc\u0142awiu, Toruniu W\u0142oc\u0142awku oraz w Rypinie &#8211; w dniu 11 listopada, co ma z kolei znale\u017a\u0107 prze\u0142o\u017cenie w wsp\u00f3lnym \u015bwi\u0119towaniu Narodowego Dnia Niepodleg\u0142o\u015bci w atmosferze pikniku rodzinnego. Imprezy zlokalizowane zostan\u0105 w centrach miejscowo\u015bci, tak by mog\u0142o je odwiedzi\u0107 jak najwi\u0119ksza liczba go\u015bci z naszego regionu i ca\u0142ej Polski. Festyny odb\u0119d\u0105 si\u0119 w:<br \/>\n\u00a0Bydgoszczy\u00a0&#8211; Wyspa M\u0142y\u0144ska od 11.00 do 16.00;<br \/>\n\u00a0Toruniu &#8211; Nowy Rynek od 11.00 do 16.00;<br \/>\n\u00a0W\u0142oc\u0142awku &#8211; dziedziniec przedstawicielstwa Urz\u0119du Marsza\u0142kowskiego od 11.00 do 16.00;<br \/>\n\u00a0Rypinie &#8211; skwer przy Rypi\u0144skim Centrum Promocji i Kultury od 11.00 do 16.00;<br \/>\n\u00a0Inowroc\u0142aw &#8211; M\u0105twy, ul. Pozna\u0144ska 345 od 15.00 do 18.00;<br \/>\n\u00a0Grudzi\u0105dz\u00a0&#8211; Cytadela od 12.00 do 15.00.<\/p>\n<p>Pogod\u0119 te\u017c zam\u00f3wi\u0142 urz\u0105d marsza\u0142kowski wi\u0119c pewnie b\u0119dzie gwarantowana. A nawet je\u015bli nie, to i tak w zbo\u017cnym celu mo\u017cna troch\u0119 zmarn\u0105\u0107. A na rozgrzewk\u0119 b\u0119dzie ros\u00f3\u0142 z g\u0119sich \u017co\u0142\u0105dk\u00f3w!<\/p>\n<p>\u00a0<\/p>\n","protected":false},"excerpt":{"rendered":"<p>Moje g\u0119si ju\u017c s\u0105 zam\u00f3wione. Odbior\u0119 je za kilka dni. Ju\u017c si\u0119 ciesz\u0119 z okazji mo\u017cliwo\u015bci przygotowania kilku r\u00f3\u017cnorodnych da\u0144 z g\u0119si bia\u0142ej owsianej wyhodowanej w Ko\u0142udzie Wielkiej. Aby i innym mieszka\u0144com (zw\u0142aszcza p\u00f3\u0142nocnej cz\u0119\u015bci) naszego pi\u0119knego kraju umo\u017cliwi\u0107 podobne przyjemno\u015bci zamieszczam komunikat o g\u0119sich imprezach. Ogromny sukces ubieg\u0142orocznej akcji promuj\u0105cej kujawsko-pomorsk\u0105 g\u0119sin\u0119 sprawi\u0142, \u017ce [&hellip;]<\/p>\n","protected":false},"author":2,"featured_media":0,"comment_status":"open","ping_status":"open","sticky":false,"template":"","format":"standard","meta":{"footnotes":""},"categories":[1],"tags":[],"_links":{"self":[{"href":"https:\/\/blog.polityka.pl\/adamczewski\/wp-json\/wp\/v2\/posts\/2063"}],"collection":[{"href":"https:\/\/blog.polityka.pl\/adamczewski\/wp-json\/wp\/v2\/posts"}],"about":[{"href":"https:\/\/blog.polityka.pl\/adamczewski\/wp-json\/wp\/v2\/types\/post"}],"author":[{"embeddable":true,"href":"https:\/\/blog.polityka.pl\/adamczewski\/wp-json\/wp\/v2\/users\/2"}],"replies":[{"embeddable":true,"href":"https:\/\/blog.polityka.pl\/adamczewski\/wp-json\/wp\/v2\/comments?post=2063"}],"version-history":[{"count":0,"href":"https:\/\/blog.polityka.pl\/adamczewski\/wp-json\/wp\/v2\/posts\/2063\/revisions"}],"wp:attachment":[{"href":"https:\/\/blog.polityka.pl\/adamczewski\/wp-json\/wp\/v2\/media?parent=2063"}],"wp:term":[{"taxonomy":"category","embeddable":true,"href":"https:\/\/blog.polityka.pl\/adamczewski\/wp-json\/wp\/v2\/categories?post=2063"},{"taxonomy":"post_tag","embeddable":true,"href":"https:\/\/blog.polityka.pl\/adamczewski\/wp-json\/wp\/v2\/tags?post=2063"}],"curies":[{"name":"wp","href":"https:\/\/api.w.org\/{rel}","templated":true}]}}