
{"id":2064,"date":"2010-11-05T08:00:11","date_gmt":"2010-11-05T07:00:11","guid":{"rendered":"http:\/\/adamczewski.blog.polityka.pl\/?p=2064"},"modified":"2010-11-07T10:49:50","modified_gmt":"2010-11-07T09:49:50","slug":"smak-jesieni","status":"publish","type":"post","link":"https:\/\/blog.polityka.pl\/adamczewski\/2010\/11\/05\/smak-jesieni\/","title":{"rendered":"Smak jesieni"},"content":{"rendered":"<p><a href=\"\/wp-content\/uploads\/2010\/11\/lecino-jesienne-p8280004.jpg\"><img loading=\"lazy\" decoding=\"async\" class=\"aligncenter size-medium wp-image-2065\" title=\"lecino-jesienne-p8280004\" src=\"\/wp-content\/uploads\/2010\/11\/lecino-jesienne-p8280004-300x225.jpg\" alt=\"\" width=\"300\" height=\"225\" srcset=\"\/adamczewski\/wp-content\/uploads\/2010\/11\/lecino-jesienne-p8280004-300x225.jpg 300w, \/adamczewski\/wp-content\/uploads\/2010\/11\/lecino-jesienne-p8280004.jpg 640w\" sizes=\"(max-width: 300px) 100vw, 300px\" \/><\/a><\/p>\n<p><em>Przed nasz\u0105 werand\u0105<\/em><\/p>\n<p>Od tylu dni jesie\u0144 nas rozpieszcza( a raczej rozpieszcza\u0142a, bo ju\u017c min\u0119\u0142o i jest deszczowo)\u00a0s\u0142oneczn\u0105 i nawet do\u015b\u0107 ciep\u0142\u0105 pogod\u0105, \u017ce a\u017c strach. Boj\u0119 si\u0119, i\u017c niespodziewanie sypnie \u015bniegiem, skuje drogi lodem i zn\u00f3w si\u0119 oka\u017ce, \u017ce zaskoczy\u0142a drogowc\u00f3w. A ja w najbli\u017cszych dniach musze par\u0119 razy pojecha\u0107 na wie\u015b, gdzie trwa kolejna (wprawdzie niedu\u017ca ale&#8230;) budowa, dzi\u0119ki kt\u00f3rej letnia kuchnia, spi\u017carnia i winna piwniczka nabior\u0105 wi\u0119cej szyku a wszelkie rowery, kosiarki, narz\u0119dzia, le\u017caki itp. znajd\u0105 w\u0142a\u015bciwe miejsce we w\u0142a\u015bciwym\u00a0 pomieszczeniu obok czyli podr\u0119cznym magazynku.<\/p>\n<p><img loading=\"lazy\" decoding=\"async\" class=\"aligncenter size-medium wp-image-2066\" title=\"lecino-bobr-p4120041\" src=\"\/wp-content\/uploads\/2010\/11\/lecino-bobr-p4120041-225x300.jpg\" alt=\"\" width=\"225\" height=\"300\" srcset=\"\/adamczewski\/wp-content\/uploads\/2010\/11\/lecino-bobr-p4120041-225x300.jpg 225w, \/adamczewski\/wp-content\/uploads\/2010\/11\/lecino-bobr-p4120041.jpg 360w\" sizes=\"(max-width: 225px) 100vw, 225px\" \/><\/p>\n<p><em>Krajobraz pod naszym domeme po wizycie bobr\u00f3w<\/em><\/p>\n<p>Mam te\u017c w planach dalsz\u0105 podr\u00f3\u017c na wsch\u00f3d od Narwi do miasta, kt\u00f3re winno by\u0107 og\u0142oszone stolic\u0105 polskiego serowarstwa. Nie b\u0119d\u0119 jednak uprzedza\u0142 wypadk\u00f3w i ca\u0142\u0105 t\u0119 eskapad\u0119 opisz\u0119 w przysz\u0142ym tygodniu. Mam nadziej\u0119, \u017ce b\u0119d\u0119 to robi\u0142 pogr\u0105\u017cony w aromatach ser\u00f3w, kt\u00f3re\u00a0&#8211; moim zdaniem\u00a0&#8211; mog\u0105 spokojnie konkurowa\u0107 z najlepszymi w Europie.<\/p>\n<p>R\u00f3wnocze\u015bnie snuj\u0105c te plany przygotowuj\u0119 si\u0119 do kolejnej lekcji gotowania i gaw\u0119d sommelierskich. Okaza\u0142o si\u0119 bowiem, \u017ce pierwsze (opisane i pokazane) spotkanie z mi\u0142o\u015bnikami gotowania i wina poci\u0105gn\u0119\u0142o za sob\u0105 kolejne. A \u017ce i mnie spodoba\u0142o si\u0119 wsp\u00f3lne kucharzenie z m\u0142odymi entuzjastkami\u00a0 pitraszenia a potem spo\u017cywania wsp\u00f3lnych kolacji, to tym ch\u0119tniej wymy\u015blam nowe przepisy (troch\u0119 ju\u017c bardziej zaawansowane) i dobieram do da\u0144 odpowiednie wina.<\/p>\n<p>Wygl\u0105da na to, \u017ce jesie\u0144 i zima\u00a0 b\u0119d\u0105\u00a0 dla mnie atrakcyjne. Oby to samo potem powiedzieli uczestnicy tych wieczornych sesji w starej le\u015bnicz\u00f3wce.\u00a0\u00a0<\/p>\n","protected":false},"excerpt":{"rendered":"<p>Przed nasz\u0105 werand\u0105 Od tylu dni jesie\u0144 nas rozpieszcza( a raczej rozpieszcza\u0142a, bo ju\u017c min\u0119\u0142o i jest deszczowo)\u00a0s\u0142oneczn\u0105 i nawet do\u015b\u0107 ciep\u0142\u0105 pogod\u0105, \u017ce a\u017c strach. Boj\u0119 si\u0119, i\u017c niespodziewanie sypnie \u015bniegiem, skuje drogi lodem i zn\u00f3w si\u0119 oka\u017ce, \u017ce zaskoczy\u0142a drogowc\u00f3w. A ja w najbli\u017cszych dniach musze par\u0119 razy pojecha\u0107 na wie\u015b, gdzie trwa [&hellip;]<\/p>\n","protected":false},"author":2,"featured_media":0,"comment_status":"open","ping_status":"open","sticky":false,"template":"","format":"standard","meta":{"footnotes":""},"categories":[1],"tags":[],"_links":{"self":[{"href":"https:\/\/blog.polityka.pl\/adamczewski\/wp-json\/wp\/v2\/posts\/2064"}],"collection":[{"href":"https:\/\/blog.polityka.pl\/adamczewski\/wp-json\/wp\/v2\/posts"}],"about":[{"href":"https:\/\/blog.polityka.pl\/adamczewski\/wp-json\/wp\/v2\/types\/post"}],"author":[{"embeddable":true,"href":"https:\/\/blog.polityka.pl\/adamczewski\/wp-json\/wp\/v2\/users\/2"}],"replies":[{"embeddable":true,"href":"https:\/\/blog.polityka.pl\/adamczewski\/wp-json\/wp\/v2\/comments?post=2064"}],"version-history":[{"count":0,"href":"https:\/\/blog.polityka.pl\/adamczewski\/wp-json\/wp\/v2\/posts\/2064\/revisions"}],"wp:attachment":[{"href":"https:\/\/blog.polityka.pl\/adamczewski\/wp-json\/wp\/v2\/media?parent=2064"}],"wp:term":[{"taxonomy":"category","embeddable":true,"href":"https:\/\/blog.polityka.pl\/adamczewski\/wp-json\/wp\/v2\/categories?post=2064"},{"taxonomy":"post_tag","embeddable":true,"href":"https:\/\/blog.polityka.pl\/adamczewski\/wp-json\/wp\/v2\/tags?post=2064"}],"curies":[{"name":"wp","href":"https:\/\/api.w.org\/{rel}","templated":true}]}}