
{"id":2067,"date":"2010-11-10T08:00:30","date_gmt":"2010-11-10T07:00:30","guid":{"rendered":"http:\/\/adamczewski.blog.polityka.pl\/?p=2067"},"modified":"2010-11-03T16:10:05","modified_gmt":"2010-11-03T15:10:05","slug":"2067","status":"publish","type":"post","link":"https:\/\/blog.polityka.pl\/adamczewski\/2010\/11\/10\/2067\/","title":{"rendered":"Zgadnij co gotujemy?"},"content":{"rendered":"<p class=\"MsoNormal\" style=\"line-height: 150%; margin: 0cm 0cm 10pt;\"><span style=\"line-height: 150%; font-family: \"><a href=\"\/wp-content\/uploads\/2010\/11\/pizza-topolino_mg_8052.jpg\"><\/a><\/span><\/p>\n<p class=\"MsoNormal\" style=\"line-height: 150%; margin: 0cm 0cm 10pt;\"><span style=\"line-height: 150%; font-family: \">Dzi\u015b nagroda rzeczowa czyli granatowy fartuch kucharski, w kt\u00f3rym wyst\u0119powa\u0142em podczas pieczenia najd\u0142u\u017cszej pizzy \u015bwiata. Na szcz\u0119\u015bcie ja bra\u0142em udzia\u0142 w przedbiegach i piek\u0142em ca\u0142kiem zwyk\u0142a ma\u0142\u0105 pizz\u0119 a nie to gargantuiczne, kilometrowe okropie\u0144stwo. Moja pizza by\u0142a wr\u0119cz ma\u0142a i nazywa\u0142a si\u0119 topolino czyli myszka. Podoba\u0142a si\u0119 bardzo i smakowa\u0142a tako\u017c. Oto (niemal namacalny) dow\u00f3d.<\/span><\/p>\n<p class=\"MsoNormal\" style=\"line-height: 150%; margin: 0cm 0cm 10pt;\"><span style=\"line-height: 150%; font-family: \"><img loading=\"lazy\" decoding=\"async\" class=\"aligncenter size-medium wp-image-2068\" title=\"pizza-topolino_mg_8052\" src=\"\/wp-content\/uploads\/2010\/11\/pizza-topolino_mg_8052-300x204.jpg\" alt=\"\" width=\"300\" height=\"204\" srcset=\"\/adamczewski\/wp-content\/uploads\/2010\/11\/pizza-topolino_mg_8052-300x204.jpg 300w, \/adamczewski\/wp-content\/uploads\/2010\/11\/pizza-topolino_mg_8052.jpg 640w\" sizes=\"(max-width: 300px) 100vw, 300px\" \/><\/span><\/p>\n<p class=\"MsoNormal\" style=\"line-height: 150%; margin: 0cm 0cm 0pt;\"><span style=\"line-height: 150%; font-family: \">Teraz pytania:<\/span><\/p>\n<p class=\"MsoNormal\" style=\"line-height: 150%; margin: 0cm 0cm 0pt;\"><span style=\"line-height: 150%; font-family: \">\u00a0<\/span><\/p>\n<p class=\"MsoNormal\" style=\"line-height: 150%; margin: 0cm 0cm 0pt;\"><span style=\"line-height: 150%; font-family: \">1.Jak nazywa si\u0119 mistrz przyrz\u0105dzaj\u0105cy przepyszne placki czyli pizze ?<\/span><\/p>\n<p class=\"MsoNormal\" style=\"line-height: 150%; margin: 0cm 0cm 0pt;\"><span style=\"line-height: 150%; font-family: \">\u00a0<\/span><\/p>\n<p class=\"MsoNormal\" style=\"line-height: 150%; margin: 0cm 0cm 0pt;\"><span style=\"line-height: 150%; font-family: \">2.W jakich kolorach musi by\u0107 prawdziwa pizza Margherita i sk\u0105d ta nazwa ?<\/span><\/p>\n<p class=\"MsoNormal\" style=\"line-height: 150%; margin: 0cm 0cm 0pt;\"><span style=\"line-height: 150%; font-family: \">\u00a0<\/span><\/p>\n<p class=\"MsoNormal\" style=\"line-height: 150%; margin: 0cm 0cm 0pt;\"><span style=\"line-height: 150%; font-family: \">3. Liguryjski placek nieco przypominaj\u0105cy pizz\u0119 nazywa si\u0119&#8230; ? <\/span><\/p>\n<p class=\"MsoNormal\" style=\"line-height: 150%; margin: 0cm 0cm 0pt;\"><span style=\"line-height: 150%; font-family: \">\u00a0<\/span><\/p>\n<p class=\"MsoNormal\" style=\"line-height: 150%; margin: 0cm 0cm 0pt;\"><span style=\"line-height: 150%; font-family: \">Zapraszam do komputer\u00f3w. Odpowiedzi za\u015b nale\u017cy wys\u0142a\u0107 na znany sta\u0142y adres czyli: <a href=\"mailto:internet@polityka.com.pl\">internet@polityka.com.pl<\/a><span style=\"mso-spacerun: yes;\">\u00a0\u00a0 <\/span>O przyznaniu nagrody rozstrzygnie czas dotarcia, prawid\u0142owo\u015b\u0107 odpowiedzi <span style=\"mso-spacerun: yes;\">\u00a0<\/span>i sympatia<span style=\"mso-spacerun: yes;\">\u00a0 <\/span>szefa komisji s\u0119dziowskiej! Powodzenia.<\/span><\/p>\n<p class=\"MsoNormal\" style=\"line-height: 150%; margin: 0cm 0cm 0pt;\"><span style=\"line-height: 150%; font-family: \">\u00a0<\/span><\/p>\n","protected":false},"excerpt":{"rendered":"<p>Dzi\u015b nagroda rzeczowa czyli granatowy fartuch kucharski, w kt\u00f3rym wyst\u0119powa\u0142em podczas pieczenia najd\u0142u\u017cszej pizzy \u015bwiata. Na szcz\u0119\u015bcie ja bra\u0142em udzia\u0142 w przedbiegach i piek\u0142em ca\u0142kiem zwyk\u0142a ma\u0142\u0105 pizz\u0119 a nie to gargantuiczne, kilometrowe okropie\u0144stwo. Moja pizza by\u0142a wr\u0119cz ma\u0142a i nazywa\u0142a si\u0119 topolino czyli myszka. Podoba\u0142a si\u0119 bardzo i smakowa\u0142a tako\u017c. Oto (niemal namacalny) dow\u00f3d. [&hellip;]<\/p>\n","protected":false},"author":2,"featured_media":0,"comment_status":"open","ping_status":"open","sticky":false,"template":"","format":"standard","meta":{"footnotes":""},"categories":[1],"tags":[],"_links":{"self":[{"href":"https:\/\/blog.polityka.pl\/adamczewski\/wp-json\/wp\/v2\/posts\/2067"}],"collection":[{"href":"https:\/\/blog.polityka.pl\/adamczewski\/wp-json\/wp\/v2\/posts"}],"about":[{"href":"https:\/\/blog.polityka.pl\/adamczewski\/wp-json\/wp\/v2\/types\/post"}],"author":[{"embeddable":true,"href":"https:\/\/blog.polityka.pl\/adamczewski\/wp-json\/wp\/v2\/users\/2"}],"replies":[{"embeddable":true,"href":"https:\/\/blog.polityka.pl\/adamczewski\/wp-json\/wp\/v2\/comments?post=2067"}],"version-history":[{"count":0,"href":"https:\/\/blog.polityka.pl\/adamczewski\/wp-json\/wp\/v2\/posts\/2067\/revisions"}],"wp:attachment":[{"href":"https:\/\/blog.polityka.pl\/adamczewski\/wp-json\/wp\/v2\/media?parent=2067"}],"wp:term":[{"taxonomy":"category","embeddable":true,"href":"https:\/\/blog.polityka.pl\/adamczewski\/wp-json\/wp\/v2\/categories?post=2067"},{"taxonomy":"post_tag","embeddable":true,"href":"https:\/\/blog.polityka.pl\/adamczewski\/wp-json\/wp\/v2\/tags?post=2067"}],"curies":[{"name":"wp","href":"https:\/\/api.w.org\/{rel}","templated":true}]}}