
{"id":209,"date":"2007-05-07T07:23:38","date_gmt":"2007-05-07T05:23:38","guid":{"rendered":"http:\/\/adamczewski.blog.polityka.pl\/?p=209"},"modified":"2007-05-05T10:24:27","modified_gmt":"2007-05-05T08:24:27","slug":"wiosenne-zakupy","status":"publish","type":"post","link":"https:\/\/blog.polityka.pl\/adamczewski\/2007\/05\/07\/wiosenne-zakupy\/","title":{"rendered":"Wiosenne zakupy"},"content":{"rendered":"<p>Bardzo lubi\u0119 zakupy robione w Pu\u0142tusku na pocz\u0105tku sezonu. Gdy przenosimy si\u0119 na wie\u015b, w\u0142a\u015bnie pod Pu\u0142tusk, musimy uzupe\u0142ni\u0107 zapasy w spi\u017carni (i piwniczce), kupi\u0107 sadzonki nowych kwiatk\u00f3w i zi\u00f3\u0142, wymieni\u0107 zniszczone ogrodowe meble i r\u00f3\u017cne urz\u0105dzenia, przygotowa\u0107 do jazdy rowery itp., itd.<\/p>\n<p>Jeszcze par\u0119 lat temu wszystko musieli\u015bmy przywozi\u0107 z Warszawy. Teraz Pu\u0142tusk wyr\u00f3s\u0142 na powa\u017c\u0105 metropoli\u0119 i ma szereg fantastycznie zaopatrzonych sklep\u00f3w. Niekt\u00f3re z nich\u00a0&#8211; jak nasz ulubiony Garus\u00a0&#8211; ros\u0142y z roku na rok. I dzi\u015b mo\u017cna w tym mie\u015bcie kupi\u0107 wszystko: od ogrodowych krzese\u0142ek do najbardziej wymy\u015blnych gatunk\u00f3w owoc\u00f3w morza.<br \/>\nKupili\u015bmy wi\u0119c najbardziej drobnomieszcza\u0144ski sprz\u0119t jaki istnieje czyli \u0142awk\u0119-bujawk\u0119 z baldachimem. To sprz\u0119t, bez kt\u00f3rego Barbara czuje si\u0119 jak bez r\u0119ki. I cho\u0107 ca\u0142a reszta rodziny z niej si\u0119 natrz\u0105sa ona nie ust\u0119puje. Stara bujawka zniszczy\u0142a si\u0119\u00a0&#8211; nowa stan\u0119\u0142a na jej miejscu. Basia b\u0119dzie mog\u0142a tam czyta\u0107 drzemi\u0105c lub na odwr\u00f3t. A na dodatek ci, kt\u00f3rzy z niej si\u0119 natrz\u0105sali b\u0119d\u0105 \u0142asi\u0107 si\u0119 o pozwolenie posiedzenia na tym rozkosznym sk\u0105din\u0105d sprz\u0119cie.<\/p>\n<p>Kupili\u015bmy te\u017c nowe ka\u0142amarze z p\u0142ynem antykomarowym, worki foliowe na \u015bmieci, dodatkowy komplet sztu\u0107c\u00f3w na 12 os\u00f3b (stare gin\u0105 w niewyt\u0142umaczalny spos\u00f3b i to nie go\u015bcie je wynosz\u0105), pompki do rower\u00f3w (gin\u0105 z szybko\u015bci\u0105 sztu\u0107c\u00f3w), nowe \u017cy\u0142ki, haczyki i inne narz\u0119dzia tortur w\u0119dkarskich, sadolin do pomalowania cha\u0142upy z zewn\u0105trz oraz cukier, s\u00f3l, m\u0105k\u0119, ry\u017c, oliw\u0119 (oczywi\u015bcie w\u0142osk\u0105, kt\u00f3ra jest tu w wielkim wyborze), wina (w\u0142oskie, francuskie, hiszpa\u0144skie i&#8230; urugwajskie, w kt\u00f3rych si\u0119 ostatnio rozsmakowa\u0142em). Jednym s\u0142owem sezon rusza.<\/p>\n<p>Martwi\u0105c si\u0119 o topniej\u0105cy stosik banknot\u00f3w portfelu, znalaz\u0142em pocieszenie w lekturze. Znowu si\u0119gn\u0105\u0142em po ksi\u0105\u017ck\u0119, kt\u00f3r\u0105 ju\u017c Wam przedstawia\u0142em, czyli &#8222;Taniec Nataszy&#8221; Figesa Orlando. A w niej spis zakup\u00f3w rodziny Szeremietiew\u00f3w. Oto on:<\/p>\n<ul>\n<ul>\n<li>Kaftan z aksamitnego materia\u0142u;<\/li>\n<li>Kamizelka wyszywana z\u0142otem i per\u0142ami;<\/li>\n<li>Kaftan i spodnie z fioletowobr\u0105zowego jedwabiu tudzie\u017c \u017c\u00f3\u0142ta kamizelka;<\/li>\n<li>Kaftan z czerwonej bawe\u0142ny z b\u0142\u0119kitem po obu stronach;<\/li>\n<li>Niebieska jedwabna kamizelka wyszywana z\u0142otem;<\/li>\n<li>Kaftan i spodnie z tkaniny oraz kamizelka z malinowego jedwabiu wyszywana z\u0142otem i\u00a0srebrem;<\/li>\n<li>Kaftan i spodnie koloru czekoladowego z zielon\u0105 welurow\u0105 kamizelk\u0105;<\/li>\n<li>Czarny aksamitny surdut;<\/li>\n<li>Frak z czarnego aksamitu w c\u0119tki;<\/li>\n<li>Frak z 24 srebrnymi guzami;<\/li>\n<li>2 kamizelki z piki wyszywane z\u0142otem i srebrem;<\/li>\n<li>7 arszyn\u00f3w francuskiego jedwabiu na kamizelki;<\/li>\n<li>24 pary koronkowych mankiet\u00f3w do koszul nocnych;<\/li>\n<li>12 arszyn\u00f3w czarnego materia\u0142u na spodnie i 3 arszyny czarnego aksamitu wst\u0105\u017cki;<\/li>\n<li>150 funt\u00f3w przedniego tytoniu;<\/li>\n<li>60 funt\u00f3w zwyk\u0142ego tytoniu;<\/li>\n<li>36 pude\u0142ek pomady;<\/li>\n<li>6 tuzin\u00f3w butelek syropu;<\/li>\n<li>zio\u0142owego z\u0142ota tabakierka;<\/li>\n<li>2 beczki soczewicy;<\/li>\n<li>2 funty wanilii;<\/li>\n<li>60 funt\u00f3w trufli w oleju;<\/li>\n<li>200 funt\u00f3w w\u0142oskiego makaronu;<\/li>\n<li>240 funt\u00f3w parmezanu;<\/li>\n<li>150 butelek anchois;<\/li>\n<li>12 funt\u00f3w kawy z Martyniki;<\/li>\n<li>24 funt\u00f3w czarnego pieprzu;<\/li>\n<li>20 funt\u00f3w bia\u0142ego pieprzu;<\/li>\n<li>6 funt\u00f3w kardamonu;<\/li>\n<li>80 funt\u00f3w rodzynek;<\/li>\n<li>160 funt\u00f3w koryntek;<\/li>\n<li>12 butelek angielskiej suszonej gorczycy;<\/li>\n<li>r\u00f3\u017cne gatunki szynki i bekonu, kie\u0142basy;<\/li>\n<li>formy do budyniu;<\/li>\n<li>600 butelek bia\u0142ego burgunda;<\/li>\n<li>600 butelek czerwonego burgunda;<\/li>\n<li>200 butelek musuj\u0105cego szampana;<\/li>\n<li>100 butelek nie musuj\u0105cego szampana;<\/li>\n<li>100 butelek r\u00f3\u017cowego szampana.<\/li>\n<\/ul>\n<\/ul>\n<p>Moje zakupy w por\u00f3wnaniu z tymi wy\u017cej to betka. A w dodatku robi\u0119 je raz do roku na wiosn\u0119. W kajecie Szeremietiew\u00f3w taki spis powtarza\u0142 si\u0119 co par\u0119 tygodni.<\/p>\n<p>No i uspokoi\u0142em si\u0119. Mog\u0119 kontynuowa\u0107 przygotowania do sezonu i urodzin w ogrodzie. Dalsze sprawozdania za kilka dni. Acha i dzi\u0119kuj\u0119 bardzo za podpowiedzi. Cz\u0119\u015b\u0107 z nich na pewno wykorzystam. A pozosta\u0142e przy kolejnych okazjach. Bo tu, na wsi, \u017cycie towarzyskie toczy si\u0119 wartko a\u017c do p\u00f3\u017anej jesieni.<\/p>\n","protected":false},"excerpt":{"rendered":"<p>Bardzo lubi\u0119 zakupy robione w Pu\u0142tusku na pocz\u0105tku sezonu. Gdy przenosimy si\u0119 na wie\u015b, w\u0142a\u015bnie pod Pu\u0142tusk, musimy uzupe\u0142ni\u0107 zapasy w spi\u017carni (i piwniczce), kupi\u0107 sadzonki nowych kwiatk\u00f3w i zi\u00f3\u0142, wymieni\u0107 zniszczone ogrodowe meble i r\u00f3\u017cne urz\u0105dzenia, przygotowa\u0107 do jazdy rowery itp., itd. Jeszcze par\u0119 lat temu wszystko musieli\u015bmy przywozi\u0107 z Warszawy. Teraz Pu\u0142tusk wyr\u00f3s\u0142 [&hellip;]<\/p>\n","protected":false},"author":2,"featured_media":0,"comment_status":"open","ping_status":"open","sticky":false,"template":"","format":"standard","meta":{"footnotes":""},"categories":[1],"tags":[],"_links":{"self":[{"href":"https:\/\/blog.polityka.pl\/adamczewski\/wp-json\/wp\/v2\/posts\/209"}],"collection":[{"href":"https:\/\/blog.polityka.pl\/adamczewski\/wp-json\/wp\/v2\/posts"}],"about":[{"href":"https:\/\/blog.polityka.pl\/adamczewski\/wp-json\/wp\/v2\/types\/post"}],"author":[{"embeddable":true,"href":"https:\/\/blog.polityka.pl\/adamczewski\/wp-json\/wp\/v2\/users\/2"}],"replies":[{"embeddable":true,"href":"https:\/\/blog.polityka.pl\/adamczewski\/wp-json\/wp\/v2\/comments?post=209"}],"version-history":[{"count":0,"href":"https:\/\/blog.polityka.pl\/adamczewski\/wp-json\/wp\/v2\/posts\/209\/revisions"}],"wp:attachment":[{"href":"https:\/\/blog.polityka.pl\/adamczewski\/wp-json\/wp\/v2\/media?parent=209"}],"wp:term":[{"taxonomy":"category","embeddable":true,"href":"https:\/\/blog.polityka.pl\/adamczewski\/wp-json\/wp\/v2\/categories?post=209"},{"taxonomy":"post_tag","embeddable":true,"href":"https:\/\/blog.polityka.pl\/adamczewski\/wp-json\/wp\/v2\/tags?post=209"}],"curies":[{"name":"wp","href":"https:\/\/api.w.org\/{rel}","templated":true}]}}