
{"id":2097,"date":"2010-11-24T08:00:28","date_gmt":"2010-11-24T07:00:28","guid":{"rendered":"http:\/\/adamczewski.blog.polityka.pl\/?p=2097"},"modified":"2010-11-20T11:31:29","modified_gmt":"2010-11-20T10:31:29","slug":"zgadnij-co-gotujemy-34","status":"publish","type":"post","link":"https:\/\/blog.polityka.pl\/adamczewski\/2010\/11\/24\/zgadnij-co-gotujemy-34\/","title":{"rendered":"Zgadnij co gotujemy?"},"content":{"rendered":"<p>Dzi\u015b nagrod\u0105 jest opisywana przeze mnie jaki\u015b czas temu\u00a0 ksi\u0105\u017cka polskiego autora B\u0142a\u017ceja Brzostka pt. &#8222;PRL na widelcu&#8221;. Wzbudzi\u0142a ona spore zainteresowanie na blogu i \u017cal tych, kt\u00f3rym nie uda\u0142o si\u0119 zwyci\u0119\u017cy\u0107 w quzie. Dzi\u015b wi\u0119c jest druga (i chyba ostatnia) szansa na zdobycie tej rzetelnie napisanej i udokumentowanej fachowo, historycznej ksi\u0105\u017cki.<br \/>\nTeraz pytania:<\/p>\n<p>1.Jak nazywa\u0142 si\u0119 urz\u0105d zarz\u0105dzaj\u0105cy wszystkimi plac\u00f3wkami gastronomicznymi w PRL?<\/p>\n<p>2.Od kt\u00f3rej godziny wolno by\u0142o sprzedawa\u0107 i podawa\u0107 alkohol w sklepach i lokalach w tamtym okresie?<\/p>\n<p>3.W jakim filmie i jakiego re\u017cysera pokazano bar mleczny, w kt\u00f3rym sztu\u0107ce by\u0142y na \u0142a\u0144cuchu, co pokazano tak sugestywnie, i\u017c widzowie uwierzyli w ten fakt?<\/p>\n<p>Zapraszam do komputer\u00f3w. Odpowiedzi za\u015b nale\u017cy wys\u0142a\u0107 na znany sta\u0142y adres czyli: <a href=\"mailto:internet@polityka.com.pl\">internet@polityka.com.pl<\/a>\u00a0\u00a0 O przyznaniu nagrody\u00a0 jak zwykle rozstrzygnie czas dotarcia i poprawno\u015b\u0107 odpowiedzi. Powodzenia.<\/p>\n<p>\u00a0<\/p>\n<p>\u00a0<\/p>\n<p>\u00a0<\/p>\n<p>\u00a0<\/p>\n<p>\u00a0<\/p>\n<p>\u00a0<\/p>\n<p>\u00a0<\/p>\n<p>\u00a0<\/p>\n","protected":false},"excerpt":{"rendered":"<p>Dzi\u015b nagrod\u0105 jest opisywana przeze mnie jaki\u015b czas temu\u00a0 ksi\u0105\u017cka polskiego autora B\u0142a\u017ceja Brzostka pt. &#8222;PRL na widelcu&#8221;. Wzbudzi\u0142a ona spore zainteresowanie na blogu i \u017cal tych, kt\u00f3rym nie uda\u0142o si\u0119 zwyci\u0119\u017cy\u0107 w quzie. Dzi\u015b wi\u0119c jest druga (i chyba ostatnia) szansa na zdobycie tej rzetelnie napisanej i udokumentowanej fachowo, historycznej ksi\u0105\u017cki. Teraz pytania: 1.Jak [&hellip;]<\/p>\n","protected":false},"author":2,"featured_media":0,"comment_status":"open","ping_status":"open","sticky":false,"template":"","format":"standard","meta":{"footnotes":""},"categories":[1],"tags":[],"_links":{"self":[{"href":"https:\/\/blog.polityka.pl\/adamczewski\/wp-json\/wp\/v2\/posts\/2097"}],"collection":[{"href":"https:\/\/blog.polityka.pl\/adamczewski\/wp-json\/wp\/v2\/posts"}],"about":[{"href":"https:\/\/blog.polityka.pl\/adamczewski\/wp-json\/wp\/v2\/types\/post"}],"author":[{"embeddable":true,"href":"https:\/\/blog.polityka.pl\/adamczewski\/wp-json\/wp\/v2\/users\/2"}],"replies":[{"embeddable":true,"href":"https:\/\/blog.polityka.pl\/adamczewski\/wp-json\/wp\/v2\/comments?post=2097"}],"version-history":[{"count":0,"href":"https:\/\/blog.polityka.pl\/adamczewski\/wp-json\/wp\/v2\/posts\/2097\/revisions"}],"wp:attachment":[{"href":"https:\/\/blog.polityka.pl\/adamczewski\/wp-json\/wp\/v2\/media?parent=2097"}],"wp:term":[{"taxonomy":"category","embeddable":true,"href":"https:\/\/blog.polityka.pl\/adamczewski\/wp-json\/wp\/v2\/categories?post=2097"},{"taxonomy":"post_tag","embeddable":true,"href":"https:\/\/blog.polityka.pl\/adamczewski\/wp-json\/wp\/v2\/tags?post=2097"}],"curies":[{"name":"wp","href":"https:\/\/api.w.org\/{rel}","templated":true}]}}