
{"id":2106,"date":"2010-11-30T08:00:44","date_gmt":"2010-11-30T07:00:44","guid":{"rendered":"http:\/\/adamczewski.blog.polityka.pl\/?p=2106"},"modified":"2010-11-27T13:24:11","modified_gmt":"2010-11-27T12:24:11","slug":"ksiazka-totalna","status":"publish","type":"post","link":"https:\/\/blog.polityka.pl\/adamczewski\/2010\/11\/30\/ksiazka-totalna\/","title":{"rendered":"Ksi\u0105\u017cka totalna"},"content":{"rendered":"<p><a href=\"\/wp-content\/uploads\/2010\/11\/sloma-i-trym.jpg\"><img loading=\"lazy\" decoding=\"async\" class=\"aligncenter size-medium wp-image-2107\" title=\"sloma-i-trym\" src=\"\/wp-content\/uploads\/2010\/11\/sloma-i-trym-300x225.jpg\" alt=\"\" width=\"300\" height=\"225\" srcset=\"\/adamczewski\/wp-content\/uploads\/2010\/11\/sloma-i-trym-300x225.jpg 300w, \/adamczewski\/wp-content\/uploads\/2010\/11\/sloma-i-trym.jpg 640w\" sizes=\"(max-width: 300px) 100vw, 300px\" \/><\/a>\u00a0<\/p>\n<p>Mam w r\u0119ku ksi\u0105\u017ck\u0119, kt\u00f3r\u0105 mo\u017cna nazwa\u0107 totaln\u0105. Dzia\u0142a ona bowiem na wiele zmys\u0142\u00f3w: na wzrok\u00a0&#8211; jest pi\u0119knie zaprojektowana, kolorowa, cudnie zilustrowana; na w\u0119ch\u00a0&#8211; pachnie bowiem nie farb\u0105 drukarsk\u0105 lecz \u015bwie\u017cymi truskawkami; na smak\u00a0&#8211; bo przy odrobinie wyobra\u017ani mo\u017cna poczu\u0107 na j\u0119zyku rozkosz jak\u0105 daje ugryzienie czekolady, koziego serka czy pomara\u0144czy. I to nie koniec korzy\u015bci jakie p\u0142yn\u0105 z obcowania z ksi\u0105\u017ck\u0105 &#8222;Atelier smaku&#8221; autorstwa Jolanty S\u0142omy i Miros\u0142awa Trymbulaka. Dzie\u0142ko zawiera bowiem a\u017c 108 przepis\u00f3w kuchni wegetaria\u0144skiej. I to wielokrotnie sprawdzonych\u00a0&#8211; zar\u00f3wno w studio telewizyjnym, bo autorzy s\u0105 bohaterami kilku seriali kulinarnych produkowanych i emitowanych w stacji Kuchnia TV, jak i na przyj\u0119ciach prywatnych, w kt\u00f3rych ch\u0119tnie uczestnicz\u0105 przyjaciele Joli i Mirka. A wszyscy ich go\u015bcie zapewniaj\u0105, \u017ce ch\u0119tnie na te uczty wracaj\u0105.<\/p>\n<p>Kolejnym walorem &#8222;Atelier smaku&#8221; s\u0105 kr\u00f3tkie teksty rozdzielaj\u0105ce poszczeg\u00f3lne partie przepis\u00f3w, w kt\u00f3rych autorzy wypowiadaj\u0105 si\u0119 z du\u017cym znawstwem o dietach dla cukrzyk\u00f3w, dla ludzi dotkni\u0119tych celiaki\u0105 a tak\u017ce o \u017cyciu towarzyskim przy stole i kulturze jedzenia.<\/p>\n<p>Ksi\u0105\u017cki kulinarne \u017cyj\u0105 gdy s\u0105 u\u017cywane w kuchni. W\u00f3wczas jednak skazane s\u0105 na plamy z sos\u00f3w, t\u0142uszczu, odciski palc\u00f3w kucharza, porozklejane kartki wreszcie. Ta ostatnia przypad\u0142o\u015b\u0107 nie grozi ksi\u0105\u017cce S\u0142omy i Trymbulaka. Zaprojektowali oni bowiem (a s\u0105 z pierwszego zawodu projektantami mody) ksi\u0105\u017ck\u0119 drukowan\u0105 now\u0105 technik\u0105. Nie jest ona klejona ani zszywana. Poszczeg\u00f3lne strony s\u0105 zespolone ze sob\u0105 na spr\u0119\u017cynie. To jest po prostu kolorowy ko\u0142onotatnik. Ju\u017c sam ten pomys\u0142 wart jest pochwalnych recenzji. A je\u015bli doda\u0107 do tego jeszcze warto\u015bciow\u0105 tre\u015b\u0107 ksi\u0105\u017cki&#8230;<\/p>\n<p>\u00a0<\/p>\n","protected":false},"excerpt":{"rendered":"<p>\u00a0 Mam w r\u0119ku ksi\u0105\u017ck\u0119, kt\u00f3r\u0105 mo\u017cna nazwa\u0107 totaln\u0105. Dzia\u0142a ona bowiem na wiele zmys\u0142\u00f3w: na wzrok\u00a0&#8211; jest pi\u0119knie zaprojektowana, kolorowa, cudnie zilustrowana; na w\u0119ch\u00a0&#8211; pachnie bowiem nie farb\u0105 drukarsk\u0105 lecz \u015bwie\u017cymi truskawkami; na smak\u00a0&#8211; bo przy odrobinie wyobra\u017ani mo\u017cna poczu\u0107 na j\u0119zyku rozkosz jak\u0105 daje ugryzienie czekolady, koziego serka czy pomara\u0144czy. I to nie [&hellip;]<\/p>\n","protected":false},"author":2,"featured_media":0,"comment_status":"open","ping_status":"open","sticky":false,"template":"","format":"standard","meta":{"footnotes":""},"categories":[1],"tags":[],"_links":{"self":[{"href":"https:\/\/blog.polityka.pl\/adamczewski\/wp-json\/wp\/v2\/posts\/2106"}],"collection":[{"href":"https:\/\/blog.polityka.pl\/adamczewski\/wp-json\/wp\/v2\/posts"}],"about":[{"href":"https:\/\/blog.polityka.pl\/adamczewski\/wp-json\/wp\/v2\/types\/post"}],"author":[{"embeddable":true,"href":"https:\/\/blog.polityka.pl\/adamczewski\/wp-json\/wp\/v2\/users\/2"}],"replies":[{"embeddable":true,"href":"https:\/\/blog.polityka.pl\/adamczewski\/wp-json\/wp\/v2\/comments?post=2106"}],"version-history":[{"count":0,"href":"https:\/\/blog.polityka.pl\/adamczewski\/wp-json\/wp\/v2\/posts\/2106\/revisions"}],"wp:attachment":[{"href":"https:\/\/blog.polityka.pl\/adamczewski\/wp-json\/wp\/v2\/media?parent=2106"}],"wp:term":[{"taxonomy":"category","embeddable":true,"href":"https:\/\/blog.polityka.pl\/adamczewski\/wp-json\/wp\/v2\/categories?post=2106"},{"taxonomy":"post_tag","embeddable":true,"href":"https:\/\/blog.polityka.pl\/adamczewski\/wp-json\/wp\/v2\/tags?post=2106"}],"curies":[{"name":"wp","href":"https:\/\/api.w.org\/{rel}","templated":true}]}}