
{"id":211,"date":"2007-05-09T09:37:14","date_gmt":"2007-05-09T07:37:14","guid":{"rendered":"http:\/\/adamczewski.blog.polityka.pl\/?p=211"},"modified":"2007-05-05T10:41:18","modified_gmt":"2007-05-05T08:41:18","slug":"zgadnij-co-gotujemy-39","status":"publish","type":"post","link":"https:\/\/blog.polityka.pl\/adamczewski\/2007\/05\/09\/zgadnij-co-gotujemy-39\/","title":{"rendered":"Zgadnij co gotujemy (39)"},"content":{"rendered":"<p>Ruszamy do kolejnej zabawy. Tym razem nagrod\u0105 b\u0119dzie ksi\u0105\u017cka Barbary &#8222;Polskie posty&#8221; wydana przed Wielkanoc\u0105 w oficynie Nowy \u015awiat i ciesz\u0105ca si\u0119 du\u017cym wzi\u0119ciem na rynku. Oczywi\u015bcie b\u0119dzie autograf autorki, serdeczna dedykacja dla zwyci\u0119zcy oraz &#8211; na przyprz\u0105\u017ck\u0119 &#8211; m\u00f3j podpis jako sprawcy tego wszystkiego.<\/p>\n<p>A oto dzisiejsze pytania, kt\u00f3re dotyczy\u0107 b\u0119d\u0105 ludzi ws\u0142awionych dzia\u0142alno\u015bci\u0105 na kucharskiej niwie:<\/p>\n<ol>\n<li>Jak nazywa\u0142 si\u0119 tw\u00f3rca Orderu Pomiana przyznawanego m.in. za rozs\u0142awianie dobrej kuchni?<\/li>\n<li>S\u0142ynny kucharz kr\u00f3la Stanis\u0142awa Augusta Poniatowskiego przygotowuj\u0105cy m.in. obiady czwartkowe nie by\u0142 Polakiem\u00a0&#8211; jak si\u0119 nazywa\u0142 i sk\u0105d si\u0119 wywodzi\u0142?<\/li>\n<li>W staro\u017cytnym Rzymie smakoszy by\u0142o wielu, ale tylko jeden stworzy\u0142 wiekopomne dzie\u0142o kulinarne i to a\u017c w 10 tomach\u00a0&#8211; kto to by\u0142?<\/li>\n<\/ol>\n<p>Na odpowiedzi jak zwykle czekam pod adresem <a href=\"mailto:Internet@polityka.com.pl\"><strong>internet@polityka.com.pl<\/strong><\/a>. Kto pierwszy przy\u015ble trzy prawid\u0142owe odpowiedzi, ten b\u0119dzie w\u0142a\u015bcicielem &#8222;Post\u00f3w polskich&#8221;. Czekam z niecierpliwo\u015bci\u0105!<\/p>\n","protected":false},"excerpt":{"rendered":"<p>Ruszamy do kolejnej zabawy. Tym razem nagrod\u0105 b\u0119dzie ksi\u0105\u017cka Barbary &#8222;Polskie posty&#8221; wydana przed Wielkanoc\u0105 w oficynie Nowy \u015awiat i ciesz\u0105ca si\u0119 du\u017cym wzi\u0119ciem na rynku. Oczywi\u015bcie b\u0119dzie autograf autorki, serdeczna dedykacja dla zwyci\u0119zcy oraz &#8211; na przyprz\u0105\u017ck\u0119 &#8211; m\u00f3j podpis jako sprawcy tego wszystkiego. A oto dzisiejsze pytania, kt\u00f3re dotyczy\u0107 b\u0119d\u0105 ludzi ws\u0142awionych dzia\u0142alno\u015bci\u0105 [&hellip;]<\/p>\n","protected":false},"author":2,"featured_media":0,"comment_status":"open","ping_status":"open","sticky":false,"template":"","format":"standard","meta":{"footnotes":""},"categories":[1],"tags":[],"_links":{"self":[{"href":"https:\/\/blog.polityka.pl\/adamczewski\/wp-json\/wp\/v2\/posts\/211"}],"collection":[{"href":"https:\/\/blog.polityka.pl\/adamczewski\/wp-json\/wp\/v2\/posts"}],"about":[{"href":"https:\/\/blog.polityka.pl\/adamczewski\/wp-json\/wp\/v2\/types\/post"}],"author":[{"embeddable":true,"href":"https:\/\/blog.polityka.pl\/adamczewski\/wp-json\/wp\/v2\/users\/2"}],"replies":[{"embeddable":true,"href":"https:\/\/blog.polityka.pl\/adamczewski\/wp-json\/wp\/v2\/comments?post=211"}],"version-history":[{"count":0,"href":"https:\/\/blog.polityka.pl\/adamczewski\/wp-json\/wp\/v2\/posts\/211\/revisions"}],"wp:attachment":[{"href":"https:\/\/blog.polityka.pl\/adamczewski\/wp-json\/wp\/v2\/media?parent=211"}],"wp:term":[{"taxonomy":"category","embeddable":true,"href":"https:\/\/blog.polityka.pl\/adamczewski\/wp-json\/wp\/v2\/categories?post=211"},{"taxonomy":"post_tag","embeddable":true,"href":"https:\/\/blog.polityka.pl\/adamczewski\/wp-json\/wp\/v2\/tags?post=211"}],"curies":[{"name":"wp","href":"https:\/\/api.w.org\/{rel}","templated":true}]}}