
{"id":2113,"date":"2010-12-08T08:00:38","date_gmt":"2010-12-08T07:00:38","guid":{"rendered":"http:\/\/adamczewski.blog.polityka.pl\/?p=2113"},"modified":"2010-12-01T18:33:35","modified_gmt":"2010-12-01T17:33:35","slug":"zgadnij-co-gotujemy-36","status":"publish","type":"post","link":"https:\/\/blog.polityka.pl\/adamczewski\/2010\/12\/08\/zgadnij-co-gotujemy-36\/","title":{"rendered":"Zgadnij co gotujemy?"},"content":{"rendered":"<p><a href=\"\/wp-content\/uploads\/2010\/12\/sloma.jpg\"><img loading=\"lazy\" decoding=\"async\" class=\"aligncenter size-medium wp-image-2114\" title=\"sloma\" src=\"\/wp-content\/uploads\/2010\/12\/sloma-300x225.jpg\" alt=\"\" width=\"300\" height=\"225\" srcset=\"\/adamczewski\/wp-content\/uploads\/2010\/12\/sloma-300x225.jpg 300w, \/adamczewski\/wp-content\/uploads\/2010\/12\/sloma.jpg 640w\" sizes=\"(max-width: 300px) 100vw, 300px\" \/><\/a>\u00a0<\/p>\n<p>Dzi\u015b nagrod\u0105\u00a0 jest obiecana\u00a0 (i recenzowana) przed tygodniem ksi\u0105\u017cka autorstwa pary projektant\u00f3w mody Jolanty S\u0142omy i Miros\u0142awa Trybulaka. S\u0105 oni tak\u017ce wsp\u00f3\u0142autorami program\u00f3w emitowanych w Kuchni TV, w kt\u00f3rych popularyzuj\u0105 dania wegetaria\u0144skie. W ksi\u0105\u017cce, pi\u0119knie wydanej, mo\u017cna znale\u017a\u0107 a\u017c 108 z tych przepis\u00f3w. Dzisiejsza nagroda jest wi\u0119c \u0142akomym k\u0105skiem dla mi\u0142o\u015bnik\u00f3w diety bezmi\u0119snej. Oto pytania:<\/p>\n<p>1.Wegetarianie maja przeciwnik\u00f3w nie tylko w\u015br\u00f3d mi\u0119so\u017cerc\u00f3w, tak\u017ce inna odmiana jaroszy ostro zwalcza ich kuchni\u0119; o kogo chodzi?<\/p>\n<p>2. Ile os\u00f3b w Polsce uprawia wegetarianizm?<\/p>\n<p>3.Wegetarianie cz\u0119sto sw\u00f3j wyb\u00f3r diety motywuj\u0105 ideowo; co jest g\u0142\u00f3wnym motywem takiego wyboru?<\/p>\n<p>I to wszystko. Teraz prosz\u0119 o odpowiedzi i cierpliwo\u015b\u0107. Adres bez zmian: <a href=\"mailto:internet@polityka.pl\">internet@polityka.pl<\/a><\/p>\n<p>\u00a0<\/p>\n","protected":false},"excerpt":{"rendered":"<p>\u00a0 Dzi\u015b nagrod\u0105\u00a0 jest obiecana\u00a0 (i recenzowana) przed tygodniem ksi\u0105\u017cka autorstwa pary projektant\u00f3w mody Jolanty S\u0142omy i Miros\u0142awa Trybulaka. S\u0105 oni tak\u017ce wsp\u00f3\u0142autorami program\u00f3w emitowanych w Kuchni TV, w kt\u00f3rych popularyzuj\u0105 dania wegetaria\u0144skie. W ksi\u0105\u017cce, pi\u0119knie wydanej, mo\u017cna znale\u017a\u0107 a\u017c 108 z tych przepis\u00f3w. Dzisiejsza nagroda jest wi\u0119c \u0142akomym k\u0105skiem dla mi\u0142o\u015bnik\u00f3w diety bezmi\u0119snej. Oto [&hellip;]<\/p>\n","protected":false},"author":2,"featured_media":0,"comment_status":"open","ping_status":"open","sticky":false,"template":"","format":"standard","meta":{"footnotes":""},"categories":[1],"tags":[],"_links":{"self":[{"href":"https:\/\/blog.polityka.pl\/adamczewski\/wp-json\/wp\/v2\/posts\/2113"}],"collection":[{"href":"https:\/\/blog.polityka.pl\/adamczewski\/wp-json\/wp\/v2\/posts"}],"about":[{"href":"https:\/\/blog.polityka.pl\/adamczewski\/wp-json\/wp\/v2\/types\/post"}],"author":[{"embeddable":true,"href":"https:\/\/blog.polityka.pl\/adamczewski\/wp-json\/wp\/v2\/users\/2"}],"replies":[{"embeddable":true,"href":"https:\/\/blog.polityka.pl\/adamczewski\/wp-json\/wp\/v2\/comments?post=2113"}],"version-history":[{"count":0,"href":"https:\/\/blog.polityka.pl\/adamczewski\/wp-json\/wp\/v2\/posts\/2113\/revisions"}],"wp:attachment":[{"href":"https:\/\/blog.polityka.pl\/adamczewski\/wp-json\/wp\/v2\/media?parent=2113"}],"wp:term":[{"taxonomy":"category","embeddable":true,"href":"https:\/\/blog.polityka.pl\/adamczewski\/wp-json\/wp\/v2\/categories?post=2113"},{"taxonomy":"post_tag","embeddable":true,"href":"https:\/\/blog.polityka.pl\/adamczewski\/wp-json\/wp\/v2\/tags?post=2113"}],"curies":[{"name":"wp","href":"https:\/\/api.w.org\/{rel}","templated":true}]}}