
{"id":2115,"date":"2010-12-06T08:00:15","date_gmt":"2010-12-06T07:00:15","guid":{"rendered":"http:\/\/adamczewski.blog.polityka.pl\/?p=2115"},"modified":"2010-12-05T10:28:24","modified_gmt":"2010-12-05T09:28:24","slug":"mroz-za-oknem-goraco-przy-stole","status":"publish","type":"post","link":"https:\/\/blog.polityka.pl\/adamczewski\/2010\/12\/06\/mroz-za-oknem-goraco-przy-stole\/","title":{"rendered":"Mr\u00f3z za oknem, gor\u0105co przy stole"},"content":{"rendered":"<p>To chyba Krystyna dyskretnie zasuflowa\u0142a mi bym opisa\u0142 co by\u0142o na barb\u00f3rkowym stole w naszym domu. Nie jeden raz prezentowa\u0142em ten st\u00f3\u0142 wi\u0119c i tym razem ch\u0119tnie to zrobi\u0119.<\/p>\n<p>W tym roku imieniny Basi rozbili\u015bmy na trzy raty, bo uznali\u015bmy, \u017ce blisko trzydzie\u015bci os\u00f3b zgromadzonych na stoj\u0105cym przyj\u0119ciu, to nie jest wielka frajda. I to ani dla go\u015bci, ani dla gospodarzy. Spotykamy si\u0119 wi\u0119c w trzy kolejne soboty zasiadaj\u0105c za ka\u017cdym razem przy stole w dziesi\u0119cioro. Starcza te\u017c miejsc siedz\u0105cych\u00a0 na poprzedzaj\u0105ce kolacj\u0119 rozmowy przy drinkach, a potem przy\u00a0 po\u017cegnalnym\u00a0 koniaku.<\/p>\n<p>Ka\u017cda kolacja ma inne menu dopasowane do sk\u0142adu go\u015bci. Poniewa\u017c w minion\u0105 sobot\u0119 czyli w barb\u00f3rkowy wiecz\u00f3r w\u015br\u00f3d go\u015bci byli wegetarianie, to i dania by\u0142y robione pod t\u0105 diet\u0119. Oczywi\u015bcie, \u017ce nie zapomnieli\u015bmy i o mi\u0119so\u017cercach ale oni\u00a0&#8211; jak si\u0119 okaza\u0142o\u00a0&#8211; z wielkim apetytem i zadowoleniem zajadali dania bezmi\u0119sne.<\/p>\n<p>Wiecz\u00f3r by\u0142 (chyba) udany, bo go\u015bcie nie spieszyli si\u0119 z zako\u0144czeniem imprezy i rozmowy w trakcie kolacji ale i po czyli przy serach oraz mandarynkach, trwa\u0142y do p\u00f3\u0142nocy.<br \/>\nA co jedli\u015bmy to w\u0142a\u015bnie teraz poka\u017c\u0119, prezentuj\u0105c dania od przek\u0105sek do deser\u00f3w:<\/p>\n<p><img loading=\"lazy\" decoding=\"async\" class=\"aligncenter size-medium wp-image-2116\" title=\"jajka-z-kawiorem\" src=\"\/wp-content\/uploads\/2010\/12\/jajka-z-kawiorem-300x225.jpg\" alt=\"\" width=\"300\" height=\"225\" srcset=\"\/adamczewski\/wp-content\/uploads\/2010\/12\/jajka-z-kawiorem-300x225.jpg 300w, \/adamczewski\/wp-content\/uploads\/2010\/12\/jajka-z-kawiorem.jpg 640w\" sizes=\"(max-width: 300px) 100vw, 300px\" \/><\/p>\n<p><em>Jajka z kawiorem<\/em><\/p>\n<p><img loading=\"lazy\" decoding=\"async\" class=\"aligncenter size-medium wp-image-2117\" title=\"pasztet-z-cukinii-i-szpinaku\" src=\"\/wp-content\/uploads\/2010\/12\/pasztet-z-cukinii-i-szpinaku-300x225.jpg\" alt=\"\" width=\"300\" height=\"225\" srcset=\"\/adamczewski\/wp-content\/uploads\/2010\/12\/pasztet-z-cukinii-i-szpinaku-300x225.jpg 300w, \/adamczewski\/wp-content\/uploads\/2010\/12\/pasztet-z-cukinii-i-szpinaku.jpg 640w\" sizes=\"(max-width: 300px) 100vw, 300px\" \/><\/p>\n<p><em>Pasztet z cukinii ze szpinakiem<\/em><\/p>\n<p><img loading=\"lazy\" decoding=\"async\" class=\"aligncenter size-medium wp-image-2118\" title=\"pomidory-faszerowane-bryndza-z-oliwkami-ogorkami-i-korniszonami\" src=\"\/wp-content\/uploads\/2010\/12\/pomidory-faszerowane-bryndza-z-oliwkami-ogorkami-i-korniszonami-300x225.jpg\" alt=\"\" width=\"300\" height=\"225\" srcset=\"\/adamczewski\/wp-content\/uploads\/2010\/12\/pomidory-faszerowane-bryndza-z-oliwkami-ogorkami-i-korniszonami-300x225.jpg 300w, \/adamczewski\/wp-content\/uploads\/2010\/12\/pomidory-faszerowane-bryndza-z-oliwkami-ogorkami-i-korniszonami.jpg 640w\" sizes=\"(max-width: 300px) 100vw, 300px\" \/><\/p>\n<p><em>Pomidory faszerowane bryndz\u0105 z oliwkami, og\u00f3rkami i korniszonami<\/em><\/p>\n<p><img loading=\"lazy\" decoding=\"async\" class=\"aligncenter size-medium wp-image-2119\" title=\"pasztet-z-wielu-mies\" src=\"\/wp-content\/uploads\/2010\/12\/pasztet-z-wielu-mies-300x225.jpg\" alt=\"\" width=\"300\" height=\"225\" srcset=\"\/adamczewski\/wp-content\/uploads\/2010\/12\/pasztet-z-wielu-mies-300x225.jpg 300w, \/adamczewski\/wp-content\/uploads\/2010\/12\/pasztet-z-wielu-mies.jpg 640w\" sizes=\"(max-width: 300px) 100vw, 300px\" \/><\/p>\n<p><em>Pasztet dla mi\u0119so\u017cernych<\/em><\/p>\n<p><em><img loading=\"lazy\" decoding=\"async\" class=\"aligncenter size-medium wp-image-2122\" title=\"rukola-z-zurawinami-parmezanem-i-winegretem\" src=\"\/wp-content\/uploads\/2010\/12\/rukola-z-zurawinami-parmezanem-i-winegretem-300x225.jpg\" alt=\"\" width=\"300\" height=\"225\" srcset=\"\/adamczewski\/wp-content\/uploads\/2010\/12\/rukola-z-zurawinami-parmezanem-i-winegretem-300x225.jpg 300w, \/adamczewski\/wp-content\/uploads\/2010\/12\/rukola-z-zurawinami-parmezanem-i-winegretem.jpg 640w\" sizes=\"(max-width: 300px) 100vw, 300px\" \/><\/em><\/p>\n<p><em>Rukola z \u017curawinami, parmezanem i winegretem<\/em><\/p>\n<p><em><img loading=\"lazy\" decoding=\"async\" class=\"aligncenter size-medium wp-image-2120\" title=\"wedliny-z-pacanowa\" src=\"\/wp-content\/uploads\/2010\/12\/wedliny-z-pacanowa-300x225.jpg\" alt=\"\" width=\"300\" height=\"225\" srcset=\"\/adamczewski\/wp-content\/uploads\/2010\/12\/wedliny-z-pacanowa-300x225.jpg 300w, \/adamczewski\/wp-content\/uploads\/2010\/12\/wedliny-z-pacanowa.jpg 640w\" sizes=\"(max-width: 300px) 100vw, 300px\" \/><\/em><\/p>\n<p><em>W\u0119dliny domowe od przyjaci\u00f3\u0142 z Pacanowa<\/em><\/p>\n<p><em><img loading=\"lazy\" decoding=\"async\" class=\"aligncenter size-medium wp-image-2121\" title=\"tort-nalesnikowy-z-grzybami\" src=\"\/wp-content\/uploads\/2010\/12\/tort-nalesnikowy-z-grzybami-300x225.jpg\" alt=\"\" width=\"300\" height=\"225\" srcset=\"\/adamczewski\/wp-content\/uploads\/2010\/12\/tort-nalesnikowy-z-grzybami-300x225.jpg 300w, \/adamczewski\/wp-content\/uploads\/2010\/12\/tort-nalesnikowy-z-grzybami.jpg 640w\" sizes=\"(max-width: 300px) 100vw, 300px\" \/><\/em><\/p>\n<p><em>Tort nale\u015bnikowy z farszem grzybowym pod beszamelem (na gor\u0105co)<\/em><\/p>\n<p><em><img loading=\"lazy\" decoding=\"async\" class=\"aligncenter size-medium wp-image-2123\" title=\"rogaliki-z-konfitura-z-rozy\" src=\"\/wp-content\/uploads\/2010\/12\/rogaliki-z-konfitura-z-rozy-300x225.jpg\" alt=\"\" width=\"300\" height=\"225\" srcset=\"\/adamczewski\/wp-content\/uploads\/2010\/12\/rogaliki-z-konfitura-z-rozy-300x225.jpg 300w, \/adamczewski\/wp-content\/uploads\/2010\/12\/rogaliki-z-konfitura-z-rozy.jpg 640w\" sizes=\"(max-width: 300px) 100vw, 300px\" \/><\/em><\/p>\n<p><em>Na deser rogaliki z konfitur\u0105 z r\u00f3\u017cy &#8230;<\/em><\/p>\n<p><em><img loading=\"lazy\" decoding=\"async\" class=\"aligncenter size-medium wp-image-2124\" title=\"tort-morelowy-z-migdalami\" src=\"\/wp-content\/uploads\/2010\/12\/tort-morelowy-z-migdalami-300x225.jpg\" alt=\"\" width=\"300\" height=\"225\" srcset=\"\/adamczewski\/wp-content\/uploads\/2010\/12\/tort-morelowy-z-migdalami-300x225.jpg 300w, \/adamczewski\/wp-content\/uploads\/2010\/12\/tort-morelowy-z-migdalami.jpg 640w\" sizes=\"(max-width: 300px) 100vw, 300px\" \/><\/em><\/p>\n<p><em>&#8230; i tort morelowy z mielonych migda\u0142\u00f3w<\/em><\/p>\n<p>O trunkach nie b\u0119d\u0119 si\u0119 rozpisywa\u0142, bo by\u0142y to tradycyjne w naszym domu wina z po\u0142udniowych W\u0142och. Za tydzie\u0144 trzecia kolacja ale to ju\u017c zupe\u0142nie inna sprawa.<\/p>\n","protected":false},"excerpt":{"rendered":"<p>To chyba Krystyna dyskretnie zasuflowa\u0142a mi bym opisa\u0142 co by\u0142o na barb\u00f3rkowym stole w naszym domu. Nie jeden raz prezentowa\u0142em ten st\u00f3\u0142 wi\u0119c i tym razem ch\u0119tnie to zrobi\u0119. W tym roku imieniny Basi rozbili\u015bmy na trzy raty, bo uznali\u015bmy, \u017ce blisko trzydzie\u015bci os\u00f3b zgromadzonych na stoj\u0105cym przyj\u0119ciu, to nie jest wielka frajda. I to [&hellip;]<\/p>\n","protected":false},"author":2,"featured_media":0,"comment_status":"open","ping_status":"open","sticky":false,"template":"","format":"standard","meta":{"footnotes":""},"categories":[1],"tags":[],"_links":{"self":[{"href":"https:\/\/blog.polityka.pl\/adamczewski\/wp-json\/wp\/v2\/posts\/2115"}],"collection":[{"href":"https:\/\/blog.polityka.pl\/adamczewski\/wp-json\/wp\/v2\/posts"}],"about":[{"href":"https:\/\/blog.polityka.pl\/adamczewski\/wp-json\/wp\/v2\/types\/post"}],"author":[{"embeddable":true,"href":"https:\/\/blog.polityka.pl\/adamczewski\/wp-json\/wp\/v2\/users\/2"}],"replies":[{"embeddable":true,"href":"https:\/\/blog.polityka.pl\/adamczewski\/wp-json\/wp\/v2\/comments?post=2115"}],"version-history":[{"count":0,"href":"https:\/\/blog.polityka.pl\/adamczewski\/wp-json\/wp\/v2\/posts\/2115\/revisions"}],"wp:attachment":[{"href":"https:\/\/blog.polityka.pl\/adamczewski\/wp-json\/wp\/v2\/media?parent=2115"}],"wp:term":[{"taxonomy":"category","embeddable":true,"href":"https:\/\/blog.polityka.pl\/adamczewski\/wp-json\/wp\/v2\/categories?post=2115"},{"taxonomy":"post_tag","embeddable":true,"href":"https:\/\/blog.polityka.pl\/adamczewski\/wp-json\/wp\/v2\/tags?post=2115"}],"curies":[{"name":"wp","href":"https:\/\/api.w.org\/{rel}","templated":true}]}}