
{"id":2138,"date":"2010-12-15T08:00:30","date_gmt":"2010-12-15T07:00:30","guid":{"rendered":"http:\/\/adamczewski.blog.polityka.pl\/?p=2138"},"modified":"2010-12-11T10:28:56","modified_gmt":"2010-12-11T09:28:56","slug":"zgadnij-co-gotujemy-37","status":"publish","type":"post","link":"https:\/\/blog.polityka.pl\/adamczewski\/2010\/12\/15\/zgadnij-co-gotujemy-37\/","title":{"rendered":"Zgadnij co gotujemy?"},"content":{"rendered":"<p>Poniewa\u017c ten kucharz na naszym blogu wzbudza wiele kontrowersji, to aby (cho\u0107\u00a0 u niekt\u00f3rych) t\u0119, moim zdaniem nieuzasadnion\u0105, niech\u0119\u0107 zmniejszy\u0107,\u00a0 wrzucam jako nagrod\u0119 film z jego udzia\u0142em pt. &#8222;Jamie w domu&#8221;. Oliver pokazuje tu co potrafi i robi to z wdzi\u0119kiem. W dodatku mo\u017cna si\u0119 sporo od niego nauczy\u0107.<\/p>\n<p>1- Czym Oliver zaskarbi\u0142 sobie wdzi\u0119czno\u015b\u0107 i sympati\u0119 brytyjskich uczni\u00f3w?<\/p>\n<p>2 &#8211; Gdzie powo\u0142a\u0142 do \u017cycia w\u0142asne Ministerstwo \u017bywno\u015bci Jamie Oliver i po co?<\/p>\n<p>3 &#8211; Oliver cz\u0119sto je\u017adzi do Essex\u00a0&#8211; co go tam ci\u0105gnie?<\/p>\n<p>Czekam na odpowiedzi pod adresem <a href=\"mailto:internet@polityka.pl\">internet@polityka.pl<\/a>\u00a0 Kto pierwszy ten lepszy.<br \/>\nA nagrod\u0105 b\u0119dzie filmowa obecno\u015b\u0107 Jamie Olivera w twojej kuchni.<\/p>\n<p>\u00a0<\/p>\n","protected":false},"excerpt":{"rendered":"<p>Poniewa\u017c ten kucharz na naszym blogu wzbudza wiele kontrowersji, to aby (cho\u0107\u00a0 u niekt\u00f3rych) t\u0119, moim zdaniem nieuzasadnion\u0105, niech\u0119\u0107 zmniejszy\u0107,\u00a0 wrzucam jako nagrod\u0119 film z jego udzia\u0142em pt. &#8222;Jamie w domu&#8221;. Oliver pokazuje tu co potrafi i robi to z wdzi\u0119kiem. W dodatku mo\u017cna si\u0119 sporo od niego nauczy\u0107. 1- Czym Oliver zaskarbi\u0142 sobie wdzi\u0119czno\u015b\u0107 [&hellip;]<\/p>\n","protected":false},"author":2,"featured_media":0,"comment_status":"open","ping_status":"open","sticky":false,"template":"","format":"standard","meta":{"footnotes":""},"categories":[1],"tags":[],"_links":{"self":[{"href":"https:\/\/blog.polityka.pl\/adamczewski\/wp-json\/wp\/v2\/posts\/2138"}],"collection":[{"href":"https:\/\/blog.polityka.pl\/adamczewski\/wp-json\/wp\/v2\/posts"}],"about":[{"href":"https:\/\/blog.polityka.pl\/adamczewski\/wp-json\/wp\/v2\/types\/post"}],"author":[{"embeddable":true,"href":"https:\/\/blog.polityka.pl\/adamczewski\/wp-json\/wp\/v2\/users\/2"}],"replies":[{"embeddable":true,"href":"https:\/\/blog.polityka.pl\/adamczewski\/wp-json\/wp\/v2\/comments?post=2138"}],"version-history":[{"count":0,"href":"https:\/\/blog.polityka.pl\/adamczewski\/wp-json\/wp\/v2\/posts\/2138\/revisions"}],"wp:attachment":[{"href":"https:\/\/blog.polityka.pl\/adamczewski\/wp-json\/wp\/v2\/media?parent=2138"}],"wp:term":[{"taxonomy":"category","embeddable":true,"href":"https:\/\/blog.polityka.pl\/adamczewski\/wp-json\/wp\/v2\/categories?post=2138"},{"taxonomy":"post_tag","embeddable":true,"href":"https:\/\/blog.polityka.pl\/adamczewski\/wp-json\/wp\/v2\/tags?post=2138"}],"curies":[{"name":"wp","href":"https:\/\/api.w.org\/{rel}","templated":true}]}}