
{"id":2159,"date":"2010-12-22T08:00:51","date_gmt":"2010-12-22T07:00:51","guid":{"rendered":"http:\/\/adamczewski.blog.polityka.pl\/?p=2159"},"modified":"2010-12-19T12:13:52","modified_gmt":"2010-12-19T11:13:52","slug":"zgadnij-co-gotujemy-38","status":"publish","type":"post","link":"https:\/\/blog.polityka.pl\/adamczewski\/2010\/12\/22\/zgadnij-co-gotujemy-38\/","title":{"rendered":"Zgadnij co gotujemy?"},"content":{"rendered":"<p>Do \u015bwi\u0105t, o kt\u00f3rych mawia si\u0119, \u017ce s\u0105 najwa\u017cniejsze w roku, tu\u017c, tu\u017c (cho\u0107 od lat trawa sp\u00f3r satyryk\u00f3w o wy\u017cszo\u015b\u0107 Wielkanocy nad Bo\u017cym Narodzeniem). Z tej racji dzi\u015b zajmijmy si\u0119 bo\u017conarodzeniowymi tradycjami. A nagrod\u0105 b\u0119d\u0105 ksi\u0105\u017cki wydane w br. przez &#8222;Polityk\u0119&#8221;. A jakie to zwyci\u0119zca zobaczy po rozpakowaniu koperty dostarczonej nie przez \u015bw. Miko\u0142aja lecz przez listonosza.<\/p>\n<p>1\u00a0&#8211; Sk\u0105d i kiedy do Polski przyw\u0119drowa\u0142a \u015bwi\u0105teczna\u00a0 choinka?<\/p>\n<p>2\u00a0&#8211; Co to jest siemieniatka lub siemieniucha i z jakiego pochodzi regionu?<\/p>\n<p>3\u00a0&#8211; Czy op\u0142atek wigilijny mo\u017ce by\u0107 kolorowy?<\/p>\n<p>Czekam teraz na dobre odpowiedzi przys\u0142ane na adres <a href=\"mailto:internet@polityka.pl\">internet@polityka.pl<\/a>\u00a0 a ksi\u0105\u017cki ju\u017c czekaj\u0105\u00a0 w kopercie, nale\u017cy tylko wpisa\u0107 odpowiednie nazwisko, miasto i ulic\u0119. Spieszcie si\u0119\u00a0&#8211; sanie listonosza czekaj\u0105!<\/p>\n<p>\u00a0<\/p>\n","protected":false},"excerpt":{"rendered":"<p>Do \u015bwi\u0105t, o kt\u00f3rych mawia si\u0119, \u017ce s\u0105 najwa\u017cniejsze w roku, tu\u017c, tu\u017c (cho\u0107 od lat trawa sp\u00f3r satyryk\u00f3w o wy\u017cszo\u015b\u0107 Wielkanocy nad Bo\u017cym Narodzeniem). Z tej racji dzi\u015b zajmijmy si\u0119 bo\u017conarodzeniowymi tradycjami. A nagrod\u0105 b\u0119d\u0105 ksi\u0105\u017cki wydane w br. przez &#8222;Polityk\u0119&#8221;. A jakie to zwyci\u0119zca zobaczy po rozpakowaniu koperty dostarczonej nie przez \u015bw. Miko\u0142aja [&hellip;]<\/p>\n","protected":false},"author":2,"featured_media":0,"comment_status":"open","ping_status":"open","sticky":false,"template":"","format":"standard","meta":{"footnotes":""},"categories":[1],"tags":[],"_links":{"self":[{"href":"https:\/\/blog.polityka.pl\/adamczewski\/wp-json\/wp\/v2\/posts\/2159"}],"collection":[{"href":"https:\/\/blog.polityka.pl\/adamczewski\/wp-json\/wp\/v2\/posts"}],"about":[{"href":"https:\/\/blog.polityka.pl\/adamczewski\/wp-json\/wp\/v2\/types\/post"}],"author":[{"embeddable":true,"href":"https:\/\/blog.polityka.pl\/adamczewski\/wp-json\/wp\/v2\/users\/2"}],"replies":[{"embeddable":true,"href":"https:\/\/blog.polityka.pl\/adamczewski\/wp-json\/wp\/v2\/comments?post=2159"}],"version-history":[{"count":0,"href":"https:\/\/blog.polityka.pl\/adamczewski\/wp-json\/wp\/v2\/posts\/2159\/revisions"}],"wp:attachment":[{"href":"https:\/\/blog.polityka.pl\/adamczewski\/wp-json\/wp\/v2\/media?parent=2159"}],"wp:term":[{"taxonomy":"category","embeddable":true,"href":"https:\/\/blog.polityka.pl\/adamczewski\/wp-json\/wp\/v2\/categories?post=2159"},{"taxonomy":"post_tag","embeddable":true,"href":"https:\/\/blog.polityka.pl\/adamczewski\/wp-json\/wp\/v2\/tags?post=2159"}],"curies":[{"name":"wp","href":"https:\/\/api.w.org\/{rel}","templated":true}]}}