
{"id":2163,"date":"2010-12-29T08:00:57","date_gmt":"2010-12-29T07:00:57","guid":{"rendered":"http:\/\/adamczewski.blog.polityka.pl\/?p=2163"},"modified":"2010-12-25T12:04:09","modified_gmt":"2010-12-25T11:04:09","slug":"zgadnij-co-gotujemy-43","status":"publish","type":"post","link":"https:\/\/blog.polityka.pl\/adamczewski\/2010\/12\/29\/zgadnij-co-gotujemy-43\/","title":{"rendered":"Zgadnij co gotujemy?"},"content":{"rendered":"<p class=\"MsoNormal\" style=\"line-height: 150%; margin: 0cm 0cm 10pt;\"><strong style=\"mso-bidi-font-weight: normal;\"><\/strong><\/p>\n<p class=\"MsoNormal\" style=\"line-height: 150%; margin: 0cm 0cm 10pt;\"><span style=\"line-height: 150%; font-family: \"><a href=\"\/wp-content\/uploads\/2010\/12\/nahorny-sextet.jpg\"><img loading=\"lazy\" decoding=\"async\" class=\"aligncenter size-medium wp-image-2164\" title=\"nahorny-sextet\" src=\"\/wp-content\/uploads\/2010\/12\/nahorny-sextet-300x225.jpg\" alt=\"\" width=\"300\" height=\"225\" srcset=\"\/adamczewski\/wp-content\/uploads\/2010\/12\/nahorny-sextet-300x225.jpg 300w, \/adamczewski\/wp-content\/uploads\/2010\/12\/nahorny-sextet.jpg 640w\" sizes=\"(max-width: 300px) 100vw, 300px\" \/><\/a><\/span><\/p>\n<p class=\"MsoNormal\" style=\"line-height: 150%; margin: 0cm 0cm 10pt;\"><span style=\"line-height: 150%; font-family: \">Po raz trzynasty, po wakacyjnej przerwie, bawimy si\u0119 w zgadywanki. Dzi\u015b nagrod\u0105 b\u0119dzie p\u0142yta, kt\u00f3ra powinna ucieszy\u0107 mi\u0142o\u015bnik\u00f3w muzyki Chopina i&#8230; jazzu. Jest to bowiem nagranie grupy Nahorny Sextet graj\u0105cej utwory Fryderyka Chopina (cho\u0107 nie tylko jego) zaaran\u017cowane przez wybitnego pianist\u0119 jazzowego. W jego zespole za\u015b wyst\u0119puj\u0105: Dorota Mi\u015bkiewicz\u00a0&#8211; wokalistka i skrzypaczka, Henryk Gembalski &#8211; skrzypek, Wojciech Staroniewicz\u00a0&#8211; saksofony, Mariusz Bogdanowicz\u00a0&#8211; kontrabas i Piotr Biskupski\u00a0&#8211; perkusja. P\u0142yt\u0119 mam te\u017c w swoich zbiorach i s\u0142ucham jej z przyjemno\u015bci\u0105. <span style=\"mso-spacerun: yes;\">\u00a0<\/span>Warto j\u0105 mie\u0107, bo wybitna i\u00a0&#8230; poprawia humor s\u0142uchaj\u0105cego. Oto dzisiejsze pytania:<\/span><\/p>\n<p class=\"MsoNormal\" style=\"line-height: 150%; margin: 0cm 0cm 10pt;\"><span style=\"line-height: 150%; font-family: \">1\u00a0&#8211; Nie tylko z szampan\u00f3w b\u0119d\u0105 strzela\u0142y korki w Sylwestra; jak nazywaj\u0105 si\u0119 wina musuj\u0105ce produkowane we W\u0142oszech i w Hiszpanii?<\/span><\/p>\n<p class=\"MsoNormal\" style=\"line-height: 150%; margin: 0cm 0cm 10pt;\"><span style=\"line-height: 150%; font-family: \">2\u00a0&#8211; Nasz rok ko\u0144czy si\u0119 wraz z up\u0142ywem ostatniego dnia grudnia a w innych kulturach?<\/span><\/p>\n<p class=\"MsoNormal\" style=\"line-height: 150%; margin: 0cm 0cm 10pt;\"><span style=\"line-height: 150%; font-family: \">3\u00a0&#8211; Sylwester rozpoczyna okres karnawa\u0142u a kiedy ten czas szale\u0144stwa dobiega ko\u0144ca?<\/span><\/p>\n<p class=\"MsoNormal\" style=\"line-height: 150%; margin: 0cm 0cm 10pt;\"><span style=\"line-height: 150%; font-family: \">Chyba nie za \u0142atwe to pytania. No to szybko prosz\u0119 rusza\u0107 do komputer\u00f3w i wysy\u0142a\u0107 odpowiedzi na adres<span style=\"mso-spacerun: yes;\">\u00a0 <\/span><a href=\"mailto:internet@polityka.pl\">internet@polityka.pl<\/a><span style=\"mso-spacerun: yes;\">\u00a0 <\/span>mimo, \u017ce na rozwi\u0105zanie trzeba b\u0119dzie do\u015b\u0107 d\u0142ugo czeka\u0107. Czeka te\u017c p\u0142yta, ja czekam i listonosz czeka. A potem b\u0119dzie czeka\u0107 i zwyci\u0119zca.<\/span><\/p>\n<p class=\"MsoNormal\" style=\"line-height: 150%; margin: 0cm 0cm 10pt;\"><span style=\"line-height: 150%; font-family: \">\u00a0<\/span><\/p>\n<p class=\"MsoNormal\" style=\"line-height: 150%; margin: 0cm 0cm 10pt;\"><span style=\"line-height: 150%; font-family: \">\u00a0<\/span><\/p>\n<p class=\"MsoNormal\" style=\"line-height: 150%; margin: 0cm 0cm 10pt;\"><span style=\"line-height: 150%; font-family: \">\u00a0<\/span><\/p>\n<p class=\"MsoNormal\" style=\"line-height: 150%; margin: 0cm 0cm 10pt;\"><span style=\"line-height: 150%; font-family: \">\u00a0<\/span><\/p>\n<p class=\"MsoNormal\" style=\"margin: 0cm 0cm 10pt;\"><span style=\"font-family: Calibri; font-size: small;\">\u00a0<\/span><\/p>\n","protected":false},"excerpt":{"rendered":"<p>Po raz trzynasty, po wakacyjnej przerwie, bawimy si\u0119 w zgadywanki. Dzi\u015b nagrod\u0105 b\u0119dzie p\u0142yta, kt\u00f3ra powinna ucieszy\u0107 mi\u0142o\u015bnik\u00f3w muzyki Chopina i&#8230; jazzu. Jest to bowiem nagranie grupy Nahorny Sextet graj\u0105cej utwory Fryderyka Chopina (cho\u0107 nie tylko jego) zaaran\u017cowane przez wybitnego pianist\u0119 jazzowego. W jego zespole za\u015b wyst\u0119puj\u0105: Dorota Mi\u015bkiewicz\u00a0&#8211; wokalistka i skrzypaczka, Henryk Gembalski &#8211; [&hellip;]<\/p>\n","protected":false},"author":2,"featured_media":0,"comment_status":"open","ping_status":"open","sticky":false,"template":"","format":"standard","meta":{"footnotes":""},"categories":[1],"tags":[],"_links":{"self":[{"href":"https:\/\/blog.polityka.pl\/adamczewski\/wp-json\/wp\/v2\/posts\/2163"}],"collection":[{"href":"https:\/\/blog.polityka.pl\/adamczewski\/wp-json\/wp\/v2\/posts"}],"about":[{"href":"https:\/\/blog.polityka.pl\/adamczewski\/wp-json\/wp\/v2\/types\/post"}],"author":[{"embeddable":true,"href":"https:\/\/blog.polityka.pl\/adamczewski\/wp-json\/wp\/v2\/users\/2"}],"replies":[{"embeddable":true,"href":"https:\/\/blog.polityka.pl\/adamczewski\/wp-json\/wp\/v2\/comments?post=2163"}],"version-history":[{"count":0,"href":"https:\/\/blog.polityka.pl\/adamczewski\/wp-json\/wp\/v2\/posts\/2163\/revisions"}],"wp:attachment":[{"href":"https:\/\/blog.polityka.pl\/adamczewski\/wp-json\/wp\/v2\/media?parent=2163"}],"wp:term":[{"taxonomy":"category","embeddable":true,"href":"https:\/\/blog.polityka.pl\/adamczewski\/wp-json\/wp\/v2\/categories?post=2163"},{"taxonomy":"post_tag","embeddable":true,"href":"https:\/\/blog.polityka.pl\/adamczewski\/wp-json\/wp\/v2\/tags?post=2163"}],"curies":[{"name":"wp","href":"https:\/\/api.w.org\/{rel}","templated":true}]}}