
{"id":2168,"date":"2011-01-05T08:00:00","date_gmt":"2011-01-05T07:00:00","guid":{"rendered":"http:\/\/adamczewski.blog.polityka.pl\/?p=2168"},"modified":"2010-12-26T14:13:00","modified_gmt":"2010-12-26T13:13:00","slug":"zgadnij-co-gotujemy-44","status":"publish","type":"post","link":"https:\/\/blog.polityka.pl\/adamczewski\/2011\/01\/05\/zgadnij-co-gotujemy-44\/","title":{"rendered":"Zgadnij co gotujemy?"},"content":{"rendered":"<p><a href=\"\/wp-content\/uploads\/2010\/12\/kuchnia-z-sercem.jpg\"><img loading=\"lazy\" decoding=\"async\" class=\"aligncenter size-medium wp-image-2169\" title=\"kuchnia-z-sercem\" src=\"\/wp-content\/uploads\/2010\/12\/kuchnia-z-sercem-225x300.jpg\" alt=\"\" width=\"225\" height=\"300\" srcset=\"\/adamczewski\/wp-content\/uploads\/2010\/12\/kuchnia-z-sercem-225x300.jpg 225w, \/adamczewski\/wp-content\/uploads\/2010\/12\/kuchnia-z-sercem.jpg 360w\" sizes=\"(max-width: 225px) 100vw, 225px\" \/><\/a><\/p>\n<p>I znowu \u015broda. Pora zagadek. Ale to zupe\u0142nie inna \u015broda ni\u017c poprzednie 52 \u015brody. Bo to przecie\u017c pierwsza \u015broda 2011roku. Dzi\u015b wi\u0119c noworoczn\u0105 nagrod\u0105 jest ksi\u0105\u017cka przeznaczona dla mi\u0142o\u015bnik\u00f3w kuchni i w\u0142asnego serca. Ksi\u0105\u017cka jeszcze pachnie \u015bwie\u017co\u015bci\u0105. Mo\u017ce by\u0107 pomocnikiem w kuchni lub doradc\u0105 medycznym. I tylko trzeba przepisy czyta\u0107 uwa\u017cnie, bo redaktorzy wydawnictwa skupili si\u0119 wida\u0107 na poradach lekarskich a kulinaria zrobili do\u015b\u0107 niechlujnie. Czasem brak ingrediencji zapowiadanych w tytule albo\u00a0\u00a0 nie wiadomo co zrobi\u0107 z jakim\u015b produktem i podobne zabawne sypki. Mimo to ksi\u0105\u017cka jest warto\u015bciowa i dlatego j\u0105 polecam mi\u0142o\u015bnikom quiz\u00f3w.\u00a0 Aby\u00a0dzie\u0142ko dw\u00f3ch szwajcarskich lekarzy\u00a0mie\u0107 na w\u0142asno\u015b\u0107 trzeba odpowiedzie\u0107 na trzy pytania. Oczywi\u015bcie prawid\u0142owo. I przys\u0142a\u0107 je jak najszybciej na adres <a href=\"mailto:internet@polityka.com.pl\">internet@polityka.com.pl<\/a><br \/>\n1\u00a0&#8211; Dlaczego oliwa z oliwek a tak\u017ce olej rzepakowy (tak m\u00f3wi\u0105 ostatnie badania) s\u0105 zalecane jako najzdrowsze t\u0142uszcze?<\/p>\n<p>2\u00a0&#8211; Co to takiego przeciwutleniacze ?<\/p>\n<p>3\u00a0&#8211; W jakich produktach jest najwi\u0119cej kwas\u00f3w omega-3?<\/p>\n<p>Teraz zapraszam do komputer\u00f3w. Czekam na odpowiedzi a ksi\u0105\u017cka\u00a0\u00a0na nowego w\u0142a\u015bciciela.<\/p>\n","protected":false},"excerpt":{"rendered":"<p>I znowu \u015broda. Pora zagadek. Ale to zupe\u0142nie inna \u015broda ni\u017c poprzednie 52 \u015brody. Bo to przecie\u017c pierwsza \u015broda 2011roku. Dzi\u015b wi\u0119c noworoczn\u0105 nagrod\u0105 jest ksi\u0105\u017cka przeznaczona dla mi\u0142o\u015bnik\u00f3w kuchni i w\u0142asnego serca. Ksi\u0105\u017cka jeszcze pachnie \u015bwie\u017co\u015bci\u0105. Mo\u017ce by\u0107 pomocnikiem w kuchni lub doradc\u0105 medycznym. I tylko trzeba przepisy czyta\u0107 uwa\u017cnie, bo redaktorzy wydawnictwa skupili [&hellip;]<\/p>\n","protected":false},"author":2,"featured_media":0,"comment_status":"open","ping_status":"open","sticky":false,"template":"","format":"standard","meta":{"footnotes":""},"categories":[1],"tags":[],"_links":{"self":[{"href":"https:\/\/blog.polityka.pl\/adamczewski\/wp-json\/wp\/v2\/posts\/2168"}],"collection":[{"href":"https:\/\/blog.polityka.pl\/adamczewski\/wp-json\/wp\/v2\/posts"}],"about":[{"href":"https:\/\/blog.polityka.pl\/adamczewski\/wp-json\/wp\/v2\/types\/post"}],"author":[{"embeddable":true,"href":"https:\/\/blog.polityka.pl\/adamczewski\/wp-json\/wp\/v2\/users\/2"}],"replies":[{"embeddable":true,"href":"https:\/\/blog.polityka.pl\/adamczewski\/wp-json\/wp\/v2\/comments?post=2168"}],"version-history":[{"count":0,"href":"https:\/\/blog.polityka.pl\/adamczewski\/wp-json\/wp\/v2\/posts\/2168\/revisions"}],"wp:attachment":[{"href":"https:\/\/blog.polityka.pl\/adamczewski\/wp-json\/wp\/v2\/media?parent=2168"}],"wp:term":[{"taxonomy":"category","embeddable":true,"href":"https:\/\/blog.polityka.pl\/adamczewski\/wp-json\/wp\/v2\/categories?post=2168"},{"taxonomy":"post_tag","embeddable":true,"href":"https:\/\/blog.polityka.pl\/adamczewski\/wp-json\/wp\/v2\/tags?post=2168"}],"curies":[{"name":"wp","href":"https:\/\/api.w.org\/{rel}","templated":true}]}}