
{"id":2175,"date":"2011-01-03T08:00:46","date_gmt":"2011-01-03T07:00:46","guid":{"rendered":"http:\/\/adamczewski.blog.polityka.pl\/?p=2175"},"modified":"2011-01-01T15:39:43","modified_gmt":"2011-01-01T14:39:43","slug":"wspomnienia-z-sylwestra","status":"publish","type":"post","link":"https:\/\/blog.polityka.pl\/adamczewski\/2011\/01\/03\/wspomnienia-z-sylwestra\/","title":{"rendered":"Wspomnienia z Sylwestra"},"content":{"rendered":"<p>By\u0142o, min\u0119\u0142o. Ale powspomina\u0107 warto. Noc sylwestrowa we troje (nie licz\u0105c psa) by\u0142a niezmiernie sympatyczna. I to nawet mimo silnego kaszlu, kt\u00f3ry zag\u0142usza\u0142 (na szcz\u0119\u015bcie) &#8222;koncerty&#8221; transmitowane z Pl. Konstytucji w Warszawie i z Wroc\u0142awia.\u00a0Dobrze, \u017ce\u00a0nie by\u0142o obowi\u0105zku ogl\u0105dania, wi\u0119c po\u00a0rzuceniu okiem i uchem na oba place zat\u0142oczone do granic mo\u017cliwo\u015bci, w\u0142\u0105czyli\u015bmy ulubione p\u0142yty i zasiedli\u015bmy do kolacji. Kaszel za\u015b Basi, Kuby i Rudolfa t\u0142umili\u015bmy zar\u00f3wno farmakologicznie jak i kulinarnie.<\/p>\n<p><img loading=\"lazy\" decoding=\"async\" class=\"aligncenter size-medium wp-image-2176\" title=\"supertoscan-i-szampan\" src=\"\/wp-content\/uploads\/2011\/01\/supertoscan-i-szampan-225x300.jpg\" alt=\"\" width=\"225\" height=\"300\" srcset=\"\/adamczewski\/wp-content\/uploads\/2011\/01\/supertoscan-i-szampan-225x300.jpg 225w, \/adamczewski\/wp-content\/uploads\/2011\/01\/supertoscan-i-szampan.jpg 360w\" sizes=\"(max-width: 225px) 100vw, 225px\" \/><\/p>\n<p>Dania by\u0142y udane a wina wr\u0119cz wspania\u0142e (patrz zdj\u0119cia). Dzi\u0119ki czemu noc sylwestrowa min\u0119\u0142a szybko (nawet za szybko) i<a href=\"\/wp-content\/uploads\/2011\/01\/bazant-na-polmisku.jpg\"><img loading=\"lazy\" decoding=\"async\" class=\"alignright size-medium wp-image-2178\" title=\"bazant-na-polmisku\" src=\"\/wp-content\/uploads\/2011\/01\/bazant-na-polmisku-300x225.jpg\" alt=\"\" width=\"300\" height=\"225\" srcset=\"\/adamczewski\/wp-content\/uploads\/2011\/01\/bazant-na-polmisku-300x225.jpg 300w, \/adamczewski\/wp-content\/uploads\/2011\/01\/bazant-na-polmisku.jpg 640w\" sizes=\"(max-width: 300px) 100vw, 300px\" \/><\/a> atrakcyjna. Je\u015bli doda\u0107 do tego liczne rozmowy z bliskimi przyjaci\u00f3\u0142mi siedz\u0105cymi przy innych sto\u0142ach lub zje\u017cd\u017caj\u0105cymi ze stok\u00f3w w Dolomitach, to zrozumie\u0107 \u0142atwo, \u017ce atrakcji by\u0142o co niemiara.<\/p>\n<p><a href=\"\/wp-content\/uploads\/2011\/01\/homar-i-krewetki.jpg\"><img loading=\"lazy\" decoding=\"async\" class=\"alignleft size-medium wp-image-2177\" title=\"homar-i-krewetki\" src=\"\/wp-content\/uploads\/2011\/01\/homar-i-krewetki-300x225.jpg\" alt=\"\" width=\"300\" height=\"225\" srcset=\"\/adamczewski\/wp-content\/uploads\/2011\/01\/homar-i-krewetki-300x225.jpg 300w, \/adamczewski\/wp-content\/uploads\/2011\/01\/homar-i-krewetki.jpg 640w\" sizes=\"(max-width: 300px) 100vw, 300px\" \/><\/a><br \/>\nPierwszy dzie\u0144 Nowego Roku chcieli\u015bmy sp\u0119dzi\u0107 w ruchu ale spacer by\u0142 kr\u00f3tki. Lodowaty i silny wiatr, du\u017ca wilgotno\u015b\u0107 powietrza i \u015bliskie chodniki pe\u0142ne wody z roztopionego \u015bniegu zap\u0119dzi\u0142y nas pr\u0119dko do domu. Dzi\u0119ki temu mogli\u015bmy wys\u0142ucha\u0107 pierwszej cz\u0119\u015bci noworocznego koncertu z Wiednia. Wyda\u0142 nam si\u0119 jako\u015b ma\u0142o atrakcyjny. I tylko nie wiem czy z powodu podzielenia go na dwie cz\u0119\u015bci, z kt\u00f3rych drug\u0105 zaplanowano na noc z niedzieli na poniedzia\u0142ek i to o p\u00f3\u0142nocy, czy z mniej nas satysfakcjonuj\u0105cego repertuaru.<\/p>\n<p>Ale jako \u017ce z ka\u017cdej sytuacji mo\u017cna znale\u017a\u0107 dobre wyj\u015bcie, to i my go poszukali\u015bmy. Po zako\u0144czeniu przygotowa\u0144 do noworocznego obiadu (szasz\u0142yki z jagni\u0119ciny i pieczone warzywa oraz Zweigelt Pahlen Alexs\u00a0 2008, kt\u00f3ry by\u0142 krulewskim darem\u00a0\u00a0 &#8211; uprasza si\u0119 o nie poprawianie ortografii) po prostu usiedli\u015bmy do pracy.<\/p>\n<p>I tak zapewne sp\u0119dzimy ca\u0142y ten nowy 2011 rok. Smacznie jedz\u0105c, nie\u017ale popijaj\u0105c i ostro pracuj\u0105c. Czego \u017cyczymy wszystkim przyjacio\u0142om. Na zdrowie!<\/p>\n<p>\u00a0<\/p>\n","protected":false},"excerpt":{"rendered":"<p>By\u0142o, min\u0119\u0142o. Ale powspomina\u0107 warto. Noc sylwestrowa we troje (nie licz\u0105c psa) by\u0142a niezmiernie sympatyczna. I to nawet mimo silnego kaszlu, kt\u00f3ry zag\u0142usza\u0142 (na szcz\u0119\u015bcie) &#8222;koncerty&#8221; transmitowane z Pl. Konstytucji w Warszawie i z Wroc\u0142awia.\u00a0Dobrze, \u017ce\u00a0nie by\u0142o obowi\u0105zku ogl\u0105dania, wi\u0119c po\u00a0rzuceniu okiem i uchem na oba place zat\u0142oczone do granic mo\u017cliwo\u015bci, w\u0142\u0105czyli\u015bmy ulubione p\u0142yty i [&hellip;]<\/p>\n","protected":false},"author":2,"featured_media":0,"comment_status":"open","ping_status":"open","sticky":false,"template":"","format":"standard","meta":{"footnotes":""},"categories":[1],"tags":[],"_links":{"self":[{"href":"https:\/\/blog.polityka.pl\/adamczewski\/wp-json\/wp\/v2\/posts\/2175"}],"collection":[{"href":"https:\/\/blog.polityka.pl\/adamczewski\/wp-json\/wp\/v2\/posts"}],"about":[{"href":"https:\/\/blog.polityka.pl\/adamczewski\/wp-json\/wp\/v2\/types\/post"}],"author":[{"embeddable":true,"href":"https:\/\/blog.polityka.pl\/adamczewski\/wp-json\/wp\/v2\/users\/2"}],"replies":[{"embeddable":true,"href":"https:\/\/blog.polityka.pl\/adamczewski\/wp-json\/wp\/v2\/comments?post=2175"}],"version-history":[{"count":0,"href":"https:\/\/blog.polityka.pl\/adamczewski\/wp-json\/wp\/v2\/posts\/2175\/revisions"}],"wp:attachment":[{"href":"https:\/\/blog.polityka.pl\/adamczewski\/wp-json\/wp\/v2\/media?parent=2175"}],"wp:term":[{"taxonomy":"category","embeddable":true,"href":"https:\/\/blog.polityka.pl\/adamczewski\/wp-json\/wp\/v2\/categories?post=2175"},{"taxonomy":"post_tag","embeddable":true,"href":"https:\/\/blog.polityka.pl\/adamczewski\/wp-json\/wp\/v2\/tags?post=2175"}],"curies":[{"name":"wp","href":"https:\/\/api.w.org\/{rel}","templated":true}]}}