
{"id":218,"date":"2007-05-16T07:00:19","date_gmt":"2007-05-16T05:00:19","guid":{"rendered":"http:\/\/adamczewski.blog.polityka.pl\/?p=218"},"modified":"2007-05-16T08:50:44","modified_gmt":"2007-05-16T06:50:44","slug":"zgadnij-co-gotujemy-40","status":"publish","type":"post","link":"https:\/\/blog.polityka.pl\/adamczewski\/2007\/05\/16\/zgadnij-co-gotujemy-40\/","title":{"rendered":"Zgadnij co gotujemy (40)"},"content":{"rendered":"<p>Ani si\u0119 obejrzeli\u015bmy a to ju\u017c czterdziesty raz zach\u0119cam Was do wysi\u0142ku umys\u0142owego kusz\u0105c naszymi ksi\u0105\u017ckami. Tym razem nagrod\u0105 b\u0119dzie &#8222;Kuchnia polska na nowo odkryta&#8221; autorstwa Barbary, a wydana przez Wydawnictwo Pr\u00f3szy\u0144ski i S-ka. W zwi\u0105zku z tym i pytania b\u0119d\u0105 dotyczy\u0107 naszej kuchni. Oto trzy zagadki:<\/p>\n<p>1. Nazwa wzi\u0119ta z niemieckiego ale  kryje si\u0119 za ni\u0105 polski smako\u0142yk &#8211; co to jest melszpajs?<\/p>\n<p>2. Nie ma to zwi\u0105zku z po\u0142udniowymi owocami cho\u0107 podobnie si\u0119 nazywa &#8211; co to takiego figatele?<\/p>\n<p>3. Staropolski sos czerwony sw\u0105 nazw\u0119 wzi\u0105\u0142 od &#8230; ?<\/p>\n<p>Kto pierwszy nade\u015ble trzy prawid\u0142owe odpowiedzi na adres <a href=\"mailto:Internet@polityka.com.pl\"><strong>internet@polityka.com.pl<\/strong><\/a> ten otrzyma ksi\u0105\u017ck\u0119 Barbary Adamczewskiej z naszymi autografami i dedykacj\u0105 dla zwyci\u0119zcy. Czekam niecierpliwie!<\/p>\n","protected":false},"excerpt":{"rendered":"<p>Ani si\u0119 obejrzeli\u015bmy a to ju\u017c czterdziesty raz zach\u0119cam Was do wysi\u0142ku umys\u0142owego kusz\u0105c naszymi ksi\u0105\u017ckami. Tym razem nagrod\u0105 b\u0119dzie &#8222;Kuchnia polska na nowo odkryta&#8221; autorstwa Barbary, a wydana przez Wydawnictwo Pr\u00f3szy\u0144ski i S-ka. W zwi\u0105zku z tym i pytania b\u0119d\u0105 dotyczy\u0107 naszej kuchni. Oto trzy zagadki: 1. Nazwa wzi\u0119ta z niemieckiego ale kryje si\u0119 [&hellip;]<\/p>\n","protected":false},"author":2,"featured_media":0,"comment_status":"open","ping_status":"open","sticky":false,"template":"","format":"standard","meta":{"footnotes":""},"categories":[1],"tags":[],"_links":{"self":[{"href":"https:\/\/blog.polityka.pl\/adamczewski\/wp-json\/wp\/v2\/posts\/218"}],"collection":[{"href":"https:\/\/blog.polityka.pl\/adamczewski\/wp-json\/wp\/v2\/posts"}],"about":[{"href":"https:\/\/blog.polityka.pl\/adamczewski\/wp-json\/wp\/v2\/types\/post"}],"author":[{"embeddable":true,"href":"https:\/\/blog.polityka.pl\/adamczewski\/wp-json\/wp\/v2\/users\/2"}],"replies":[{"embeddable":true,"href":"https:\/\/blog.polityka.pl\/adamczewski\/wp-json\/wp\/v2\/comments?post=218"}],"version-history":[{"count":0,"href":"https:\/\/blog.polityka.pl\/adamczewski\/wp-json\/wp\/v2\/posts\/218\/revisions"}],"wp:attachment":[{"href":"https:\/\/blog.polityka.pl\/adamczewski\/wp-json\/wp\/v2\/media?parent=218"}],"wp:term":[{"taxonomy":"category","embeddable":true,"href":"https:\/\/blog.polityka.pl\/adamczewski\/wp-json\/wp\/v2\/categories?post=218"},{"taxonomy":"post_tag","embeddable":true,"href":"https:\/\/blog.polityka.pl\/adamczewski\/wp-json\/wp\/v2\/tags?post=218"}],"curies":[{"name":"wp","href":"https:\/\/api.w.org\/{rel}","templated":true}]}}