
{"id":2188,"date":"2011-01-12T08:00:25","date_gmt":"2011-01-12T07:00:25","guid":{"rendered":"http:\/\/adamczewski.blog.polityka.pl\/?p=2188"},"modified":"2011-01-12T10:41:07","modified_gmt":"2011-01-12T09:41:07","slug":"zgadnij-co-gotujemy-45","status":"publish","type":"post","link":"https:\/\/blog.polityka.pl\/adamczewski\/2011\/01\/12\/zgadnij-co-gotujemy-45\/","title":{"rendered":"Zgadnij co gotujemy?"},"content":{"rendered":"<p>Karnawa\u0142 to czas radosny. Wi\u0119c i dzisiejsza nagroda b\u0119dzie rozweselaj\u0105ca. To ksi\u0105\u017cka, kt\u00f3r\u0105 niedawno poleca\u0142em, dzie\u0142ko Szkota Petera Kerra pt. &#8222;Mandarynki w \u015bniegu&#8221;. Kto chce poczyta\u0107 o pierwszych krokach szkockiej rodziny na \u015br\u00f3dziemnomorskiej wyspie i k\u0142opotach z rozpocz\u0119ciem nowego \u017cycia (oraz nauk\u0105 ca\u0142kiem odmiennego ni\u017c dot\u0105d zawodu) musi odpowiedzie\u0107 na trzy pytania i nades\u0142a\u0107 rozwi\u0105zanie na adres <a href=\"mailto:internet@polityka.com.pl\">internet@polityka.com.pl<\/a>\u00a0 Oto zagadki:<\/p>\n<p>1\u00a0&#8211; Jak si\u0119 nazywa szkocka potrawa nieco przypominaj\u0105ca polskie skrzy\u017cowanie kaszanki z salcesonem?<\/p>\n<p>2\u00a0&#8211; To, chyba najpopularniejsze danie kuchni major ka\u0144skiej, nosi w swej nazwie s\u0142owo &#8222;brud&#8221; ?<\/p>\n<p>3\u00a0&#8211; Czym si\u0119 r\u00f3\u017cni <em>gazapo<\/em> od <em>gazpacho<\/em>?<\/p>\n<p>Wszyscy ju\u017c przy komputerach a ja czekam ( <a href=\"mailto:internet@polityka.com.pl\">internet@polityka.com.pl<\/a>) na pierwsze dobre odpowiedzi, by wys\u0142a\u0107 ksi\u0105\u017ck\u0119 jak najszybciej. Mo\u017ce dotrze przed ko\u0144cem karnawa\u0142u?!<\/p>\n<p>\u00a0<\/p>\n","protected":false},"excerpt":{"rendered":"<p>Karnawa\u0142 to czas radosny. Wi\u0119c i dzisiejsza nagroda b\u0119dzie rozweselaj\u0105ca. To ksi\u0105\u017cka, kt\u00f3r\u0105 niedawno poleca\u0142em, dzie\u0142ko Szkota Petera Kerra pt. &#8222;Mandarynki w \u015bniegu&#8221;. Kto chce poczyta\u0107 o pierwszych krokach szkockiej rodziny na \u015br\u00f3dziemnomorskiej wyspie i k\u0142opotach z rozpocz\u0119ciem nowego \u017cycia (oraz nauk\u0105 ca\u0142kiem odmiennego ni\u017c dot\u0105d zawodu) musi odpowiedzie\u0107 na trzy pytania i nades\u0142a\u0107 rozwi\u0105zanie [&hellip;]<\/p>\n","protected":false},"author":2,"featured_media":0,"comment_status":"open","ping_status":"open","sticky":false,"template":"","format":"standard","meta":{"footnotes":""},"categories":[1],"tags":[],"_links":{"self":[{"href":"https:\/\/blog.polityka.pl\/adamczewski\/wp-json\/wp\/v2\/posts\/2188"}],"collection":[{"href":"https:\/\/blog.polityka.pl\/adamczewski\/wp-json\/wp\/v2\/posts"}],"about":[{"href":"https:\/\/blog.polityka.pl\/adamczewski\/wp-json\/wp\/v2\/types\/post"}],"author":[{"embeddable":true,"href":"https:\/\/blog.polityka.pl\/adamczewski\/wp-json\/wp\/v2\/users\/2"}],"replies":[{"embeddable":true,"href":"https:\/\/blog.polityka.pl\/adamczewski\/wp-json\/wp\/v2\/comments?post=2188"}],"version-history":[{"count":0,"href":"https:\/\/blog.polityka.pl\/adamczewski\/wp-json\/wp\/v2\/posts\/2188\/revisions"}],"wp:attachment":[{"href":"https:\/\/blog.polityka.pl\/adamczewski\/wp-json\/wp\/v2\/media?parent=2188"}],"wp:term":[{"taxonomy":"category","embeddable":true,"href":"https:\/\/blog.polityka.pl\/adamczewski\/wp-json\/wp\/v2\/categories?post=2188"},{"taxonomy":"post_tag","embeddable":true,"href":"https:\/\/blog.polityka.pl\/adamczewski\/wp-json\/wp\/v2\/tags?post=2188"}],"curies":[{"name":"wp","href":"https:\/\/api.w.org\/{rel}","templated":true}]}}