
{"id":2200,"date":"2011-01-19T08:00:06","date_gmt":"2011-01-19T07:00:06","guid":{"rendered":"http:\/\/adamczewski.blog.polityka.pl\/?p=2200"},"modified":"2011-01-16T11:49:58","modified_gmt":"2011-01-16T10:49:58","slug":"zgadnij-co-gotujemy-46","status":"publish","type":"post","link":"https:\/\/blog.polityka.pl\/adamczewski\/2011\/01\/19\/zgadnij-co-gotujemy-46\/","title":{"rendered":"Zgadnij co gotujemy?"},"content":{"rendered":"<p>Wczoraj rozdano doroczne nagrody dla artyst\u00f3w czyli Paszporty Polityki. Aby utrzyma\u0107 si\u0119 w nastroju podnios\u0142ym i kulturalnym dzi\u015b nagrodami quizowymi b\u0119d\u0105 p\u0142yty wydane przez redakcj\u0119 z nagraniami laureat\u00f3w poprzednich nagr\u00f3d w dziedzinie muzyki popularnej oraz muzyki zwanej powa\u017cn\u0105. Nale\u017cy tylko odpowiedzie\u0107 na trzy pytania a s\u0105d konkursowy musi uzna\u0107 je za poprawne.<\/p>\n<p>1\u00a0&#8211; W latach PRL istnia\u0142o prawo zakazuj\u0105ce kupowania i spo\u017cywania alkoholu w lokalach przed godzin\u0105 13; a w jakich godzinach dzi\u015b obowi\u0105zuje prohibicja?<\/p>\n<p>2\u00a0&#8211; Jak nazywa\u0142a si\u0119 najpopularniejsza przek\u0105ska do dw\u00f3ch kieliszk\u00f3w w\u00f3dki zwanych lornet\u0105?<\/p>\n<p>3\u00a0&#8211; &#8222;Mesa&#8221;, &#8222;Pod Dw\u00f3jk\u0105&#8221;, &#8222;Kameralna&#8221; to chyba najpopularniejsze pijackie miejsca w Warszawie czas\u00f3w s\u0142usznie minionych; czy jeszcze jest czynne jakie\u015b miejsce tego typu na gastronomicznej mapie stolicy?<\/p>\n<p>Ju\u017c po wszystkim. A odpowiedzi nale\u017cy wys\u0142a\u0107 na adres <a href=\"mailto:internet@polityka.com.pl\">internet@polityka.com.pl<\/a>\u00a0 i czeka\u0107 cierpliwie na poczt\u0119.<\/p>\n<p>\u00a0<\/p>\n","protected":false},"excerpt":{"rendered":"<p>Wczoraj rozdano doroczne nagrody dla artyst\u00f3w czyli Paszporty Polityki. Aby utrzyma\u0107 si\u0119 w nastroju podnios\u0142ym i kulturalnym dzi\u015b nagrodami quizowymi b\u0119d\u0105 p\u0142yty wydane przez redakcj\u0119 z nagraniami laureat\u00f3w poprzednich nagr\u00f3d w dziedzinie muzyki popularnej oraz muzyki zwanej powa\u017cn\u0105. Nale\u017cy tylko odpowiedzie\u0107 na trzy pytania a s\u0105d konkursowy musi uzna\u0107 je za poprawne. 1\u00a0&#8211; W latach [&hellip;]<\/p>\n","protected":false},"author":2,"featured_media":0,"comment_status":"open","ping_status":"open","sticky":false,"template":"","format":"standard","meta":{"footnotes":""},"categories":[1],"tags":[],"_links":{"self":[{"href":"https:\/\/blog.polityka.pl\/adamczewski\/wp-json\/wp\/v2\/posts\/2200"}],"collection":[{"href":"https:\/\/blog.polityka.pl\/adamczewski\/wp-json\/wp\/v2\/posts"}],"about":[{"href":"https:\/\/blog.polityka.pl\/adamczewski\/wp-json\/wp\/v2\/types\/post"}],"author":[{"embeddable":true,"href":"https:\/\/blog.polityka.pl\/adamczewski\/wp-json\/wp\/v2\/users\/2"}],"replies":[{"embeddable":true,"href":"https:\/\/blog.polityka.pl\/adamczewski\/wp-json\/wp\/v2\/comments?post=2200"}],"version-history":[{"count":0,"href":"https:\/\/blog.polityka.pl\/adamczewski\/wp-json\/wp\/v2\/posts\/2200\/revisions"}],"wp:attachment":[{"href":"https:\/\/blog.polityka.pl\/adamczewski\/wp-json\/wp\/v2\/media?parent=2200"}],"wp:term":[{"taxonomy":"category","embeddable":true,"href":"https:\/\/blog.polityka.pl\/adamczewski\/wp-json\/wp\/v2\/categories?post=2200"},{"taxonomy":"post_tag","embeddable":true,"href":"https:\/\/blog.polityka.pl\/adamczewski\/wp-json\/wp\/v2\/tags?post=2200"}],"curies":[{"name":"wp","href":"https:\/\/api.w.org\/{rel}","templated":true}]}}