
{"id":2208,"date":"2011-01-26T08:00:36","date_gmt":"2011-01-26T07:00:36","guid":{"rendered":"http:\/\/adamczewski.blog.polityka.pl\/?p=2208"},"modified":"2011-01-21T14:26:22","modified_gmt":"2011-01-21T13:26:22","slug":"zgadnij-co-gotujemy-47","status":"publish","type":"post","link":"https:\/\/blog.polityka.pl\/adamczewski\/2011\/01\/26\/zgadnij-co-gotujemy-47\/","title":{"rendered":"Zgadnij co gotujemy ?"},"content":{"rendered":"<p>\u00a0<br \/>\nCoraz intensywniej my\u015blimy o urlopie. A jeszcze silniej t\u0119sknimy do wsi. Dzisiejsza nagroda b\u0119dzie sygna\u0142em, \u017ce pora przygotowywa\u0107 si\u0119 do podr\u00f3\u017cy. To kilka map wydanych przez &#8222;Polityk\u0119&#8221; z zaznaczonymi miejscami, kt\u00f3re koniecznie nale\u017cy odwiedzi\u0107 w krajach od nas nieodleg\u0142ych: na Litwie, Ukrainie i w Estonii. \u017bycz\u0119 zwyci\u0119zcy szerokiej drogi, na pocz\u0105tku kt\u00f3rej jest tylko jedna przeszkoda: trzy pytania, na kt\u00f3re trzeba szybko odpowiedzie\u0107 wysy\u0142aj\u0105c rozwi\u0105zanie na adres <a href=\"mailto:internet@polityka.com.pl\">internet@polityka.com.pl<\/a>\u00a0\u00a0 Oto pytania:<\/p>\n<p>1\u00a0&#8211; Co to jest jasznik i sk\u0105d si\u0119 wywodzi ?<\/p>\n<p>2\u00a0&#8211; Z jakiej kuchni pochodzi korowaj i co to takiego ?<\/p>\n<p>3\u00a0&#8211; Sk\u0105d pochodzi i jak si\u0119 nazywa sernik z sol\u0105 i kminkiem?<\/p>\n<p>Adres wszystkim znany ale go powt\u00f3rz\u0119 <a href=\"mailto:internet@polityka.com.pl\">internet@polityka.com.pl<\/a>\u00a0 Czekam na prawid\u0142owe odpowiedzi pakuj\u0105c nagrod\u0119.<\/p>\n<p>\u00a0<\/p>\n<p>\u00a0<\/p>\n","protected":false},"excerpt":{"rendered":"<p>\u00a0 Coraz intensywniej my\u015blimy o urlopie. A jeszcze silniej t\u0119sknimy do wsi. Dzisiejsza nagroda b\u0119dzie sygna\u0142em, \u017ce pora przygotowywa\u0107 si\u0119 do podr\u00f3\u017cy. To kilka map wydanych przez &#8222;Polityk\u0119&#8221; z zaznaczonymi miejscami, kt\u00f3re koniecznie nale\u017cy odwiedzi\u0107 w krajach od nas nieodleg\u0142ych: na Litwie, Ukrainie i w Estonii. \u017bycz\u0119 zwyci\u0119zcy szerokiej drogi, na pocz\u0105tku kt\u00f3rej jest tylko [&hellip;]<\/p>\n","protected":false},"author":2,"featured_media":0,"comment_status":"open","ping_status":"open","sticky":false,"template":"","format":"standard","meta":{"footnotes":""},"categories":[1],"tags":[],"_links":{"self":[{"href":"https:\/\/blog.polityka.pl\/adamczewski\/wp-json\/wp\/v2\/posts\/2208"}],"collection":[{"href":"https:\/\/blog.polityka.pl\/adamczewski\/wp-json\/wp\/v2\/posts"}],"about":[{"href":"https:\/\/blog.polityka.pl\/adamczewski\/wp-json\/wp\/v2\/types\/post"}],"author":[{"embeddable":true,"href":"https:\/\/blog.polityka.pl\/adamczewski\/wp-json\/wp\/v2\/users\/2"}],"replies":[{"embeddable":true,"href":"https:\/\/blog.polityka.pl\/adamczewski\/wp-json\/wp\/v2\/comments?post=2208"}],"version-history":[{"count":0,"href":"https:\/\/blog.polityka.pl\/adamczewski\/wp-json\/wp\/v2\/posts\/2208\/revisions"}],"wp:attachment":[{"href":"https:\/\/blog.polityka.pl\/adamczewski\/wp-json\/wp\/v2\/media?parent=2208"}],"wp:term":[{"taxonomy":"category","embeddable":true,"href":"https:\/\/blog.polityka.pl\/adamczewski\/wp-json\/wp\/v2\/categories?post=2208"},{"taxonomy":"post_tag","embeddable":true,"href":"https:\/\/blog.polityka.pl\/adamczewski\/wp-json\/wp\/v2\/tags?post=2208"}],"curies":[{"name":"wp","href":"https:\/\/api.w.org\/{rel}","templated":true}]}}