
{"id":2210,"date":"2011-02-02T08:00:54","date_gmt":"2011-02-02T07:00:54","guid":{"rendered":"http:\/\/adamczewski.blog.polityka.pl\/?p=2210"},"modified":"2011-02-02T12:38:02","modified_gmt":"2011-02-02T11:38:02","slug":"zgadnij-co-gotujemy-48","status":"publish","type":"post","link":"https:\/\/blog.polityka.pl\/adamczewski\/2011\/02\/02\/zgadnij-co-gotujemy-48\/","title":{"rendered":"Zgadnij co gotujemy ?"},"content":{"rendered":"<p>Zima znika i powraca. Za ka\u017cdym razem wydaje si\u0119, \u017ce to ostatni jej atak a tu kolejny jest jeszcze bardziej doskwieraj\u0105cy. Trzeba wi\u0119c ten czas jako\u015b sobie umili\u0107. Na przyk\u0142ad my\u015bl\u0105 o nagrodzie quizowej. Tym razem b\u0119dzie to kolejna z wielkich ksi\u0105\u017cek Jamiego Olivera. \u017beby ustawi\u0107 j\u0105 przed sob\u0105 w kuchni i gotowa\u0107 wed\u0142ug wskaz\u00f3wek s\u0142ynnego kucharza wystarczy odpowiedzie\u0107 na trzy pytania i trzeba szybko wysy\u0142a\u0107 rozwi\u0105zanie.\u00a0\u00a0 Oto pytania:<\/p>\n<p>1\u00a0&#8211; Kt\u00f3r\u0105 ze swoich regionalnych potraw Prowansalczycy uwa\u017caj\u0105 za danie zimowe?<\/p>\n<p>2\u00a0&#8211; Wiele kuchni narodowych ma po\u015br\u00f3d swoich przepis\u00f3w tzw. dania jednogarnkowe, kt\u00f3re dochodz\u0105 w piecu lub piekarniku przez wiele godzin; wymie\u0144 kilka z nich (wystarczy wyliczy\u0107 dwie lub trzy potrawy)?<\/p>\n<p>3\u00a0&#8211; Kt\u00f3ra potrawa zyskuje na jako\u015bci je\u015bli jest wielokrotnie zamra\u017cana i potem odgrzewana a mro\u017ana zima jest dla niej najlepszym czasem?<\/p>\n<p>Adres wszystkim znany ale go powt\u00f3rz\u0119 <a href=\"mailto:internet@polityka.com.pl\">internet@polityka.com.pl<\/a>\u00a0 Czekam na prawid\u0142owe odpowiedzi szykuj\u0105c paczk\u0119 z ksi\u0105\u017ck\u0105 a w\u0142a\u015bciwie ksi\u0119g\u0105.<\/p>\n<p>\u00a0<\/p>\n<p>Uwaga!<\/p>\n<p>To jest wpis dokonany o 12.35 ju\u017c po rozwi\u0105zaniu zagadki.<\/p>\n<p>\u00a0Jakie\u015b szale\u0144stwo ogarn\u0119\u0142o WordPress, kt\u00f3ry\u00a0blokuje mnie systematycznie. Nawet informatycy\u00a0 redakcyjni nie wiedz\u0105 jak to omin\u0105\u0107. Pr\u00f3buj\u0119 wi\u0119c t\u0105 drog\u0105 poda\u0107 rozwi\u0105zanie i nazwisko zwyci\u0119\u017cczyni.<\/p>\n<p class=\"MsoNormal\" style=\"margin: 0cm 0cm 0pt;\"><span style=\"font-family: Times New Roman; font-size: small;\">Ksi\u0105\u017cka pojecha\u0142a do Nak\u0142a. Wygra\u0142a bowiem Asia. Gratulacje!<\/span><\/p>\n<p class=\"MsoNormal\" style=\"margin: 0cm 0cm 0pt;\"><span style=\"font-family: Times New Roman; font-size: small;\">A odpowiedzi uznane za prawid\u0142owe to:<\/span><\/p>\n<p class=\"MsoNormal\" style=\"margin: 0cm 0cm 0pt;\"><span style=\"font-family: Times New Roman; font-size: small;\">1 Cassoulet lub ratatouille;<\/span><\/p>\n<p class=\"MsoNormal\" style=\"margin: 0cm 0cm 0pt;\"><span style=\"font-family: Times New Roman; font-size: small;\">2 Czulent, baekenoffe, pilaw lub fabada;<\/span><\/p>\n<p class=\"MsoNormal\" style=\"margin: 0cm 0cm 0pt;\"><span style=\"font-family: Times New Roman; font-size: small;\">3 Bigos.<\/span><\/p>\n<p class=\"MsoNormal\" style=\"margin: 0cm 0cm 0pt;\"><span style=\"font-family: Times New Roman; font-size: small;\">\u00a0<\/span><\/p>\n<p class=\"MsoNormal\" style=\"margin: 0cm 0cm 0pt;\"><span style=\"font-family: Times New Roman; font-size: small;\">Kolejna zabawa za tydzie\u0144.<\/span><\/p>\n<p class=\"MsoNormal\" style=\"margin: 0cm 0cm 0pt;\"><span style=\"font-family: Times New Roman; font-size: small;\">A przy okazji: ciesz\u0119 si\u0119, ze wczorajszy tekst i dzi\u015b sta\u0142 si\u0119 tematem interesuj\u0105cych wypowiedzi.<\/span><\/p>\n<p>\u00a0<\/p>\n","protected":false},"excerpt":{"rendered":"<p>Zima znika i powraca. Za ka\u017cdym razem wydaje si\u0119, \u017ce to ostatni jej atak a tu kolejny jest jeszcze bardziej doskwieraj\u0105cy. Trzeba wi\u0119c ten czas jako\u015b sobie umili\u0107. Na przyk\u0142ad my\u015bl\u0105 o nagrodzie quizowej. Tym razem b\u0119dzie to kolejna z wielkich ksi\u0105\u017cek Jamiego Olivera. \u017beby ustawi\u0107 j\u0105 przed sob\u0105 w kuchni i gotowa\u0107 wed\u0142ug wskaz\u00f3wek [&hellip;]<\/p>\n","protected":false},"author":2,"featured_media":0,"comment_status":"open","ping_status":"open","sticky":false,"template":"","format":"standard","meta":{"footnotes":""},"categories":[1],"tags":[],"_links":{"self":[{"href":"https:\/\/blog.polityka.pl\/adamczewski\/wp-json\/wp\/v2\/posts\/2210"}],"collection":[{"href":"https:\/\/blog.polityka.pl\/adamczewski\/wp-json\/wp\/v2\/posts"}],"about":[{"href":"https:\/\/blog.polityka.pl\/adamczewski\/wp-json\/wp\/v2\/types\/post"}],"author":[{"embeddable":true,"href":"https:\/\/blog.polityka.pl\/adamczewski\/wp-json\/wp\/v2\/users\/2"}],"replies":[{"embeddable":true,"href":"https:\/\/blog.polityka.pl\/adamczewski\/wp-json\/wp\/v2\/comments?post=2210"}],"version-history":[{"count":0,"href":"https:\/\/blog.polityka.pl\/adamczewski\/wp-json\/wp\/v2\/posts\/2210\/revisions"}],"wp:attachment":[{"href":"https:\/\/blog.polityka.pl\/adamczewski\/wp-json\/wp\/v2\/media?parent=2210"}],"wp:term":[{"taxonomy":"category","embeddable":true,"href":"https:\/\/blog.polityka.pl\/adamczewski\/wp-json\/wp\/v2\/categories?post=2210"},{"taxonomy":"post_tag","embeddable":true,"href":"https:\/\/blog.polityka.pl\/adamczewski\/wp-json\/wp\/v2\/tags?post=2210"}],"curies":[{"name":"wp","href":"https:\/\/api.w.org\/{rel}","templated":true}]}}