
{"id":2223,"date":"2011-02-09T08:00:35","date_gmt":"2011-02-09T07:00:35","guid":{"rendered":"http:\/\/adamczewski.blog.polityka.pl\/?p=2223"},"modified":"2011-02-02T18:53:35","modified_gmt":"2011-02-02T17:53:35","slug":"zgadnij-co-gotujemy-50","status":"publish","type":"post","link":"https:\/\/blog.polityka.pl\/adamczewski\/2011\/02\/09\/zgadnij-co-gotujemy-50\/","title":{"rendered":"Zgadnij co gotujemy ?"},"content":{"rendered":"<p>Wkr\u00f3tce b\u0119d\u0105 nowe ksi\u0105\u017cki, kt\u00f3re z przyjemno\u015bci\u0105 zaoferuj\u0119\u00a0 jako blogowe nagrody quizowe. Dzi\u015b po raz drugi proponuj\u0119 kilka map turystycznych wydanych przez &#8222;Polityk\u0119&#8221; a prezentuj\u0105cych trasy na Ukrainie, Litwie, Estonii oraz ma\u0142e przewodniki po regionach Polski. My\u015bl\u0119, \u017ce warto ju\u017c teraz kompletowa\u0107 je, by wytyczy\u0107 trasy letnich w\u0119dr\u00f3wek. Najpierw jednak nale\u017cy chwil\u0119 pomy\u015ble\u0107, zapisa\u0107 odpowiedzi na zadane ni\u017cej pytania i wys\u0142a\u0107 maila na podany adres: <a href=\"mailto:internet@polityka.com.pl\">internet@polityka.com.pl<\/a><\/p>\n<p>1\u00a0&#8211; Co to za przysmak i gdzie jego ojczyzna &#8211; sza\u0142amacha?<\/p>\n<p>2\u00a0&#8211; A sk\u0105d pochodzi i co to takiego saltibarscai?<\/p>\n<p>3 &#8211; Kapsarullid\u00a0&#8211; nazwa trudna do zapami\u0119tania ale smak wyborny; co to i sk\u0105d pochodzi?<\/p>\n<p>Kto pierwszy ten lepszy. Pod warunkiem, \u017ce odpowiedzi uznane b\u0119d\u0105 za prawid\u0142owe.<\/p>\n<p>\u00a0<\/p>\n","protected":false},"excerpt":{"rendered":"<p>Wkr\u00f3tce b\u0119d\u0105 nowe ksi\u0105\u017cki, kt\u00f3re z przyjemno\u015bci\u0105 zaoferuj\u0119\u00a0 jako blogowe nagrody quizowe. Dzi\u015b po raz drugi proponuj\u0119 kilka map turystycznych wydanych przez &#8222;Polityk\u0119&#8221; a prezentuj\u0105cych trasy na Ukrainie, Litwie, Estonii oraz ma\u0142e przewodniki po regionach Polski. My\u015bl\u0119, \u017ce warto ju\u017c teraz kompletowa\u0107 je, by wytyczy\u0107 trasy letnich w\u0119dr\u00f3wek. Najpierw jednak nale\u017cy chwil\u0119 pomy\u015ble\u0107, zapisa\u0107 odpowiedzi [&hellip;]<\/p>\n","protected":false},"author":2,"featured_media":0,"comment_status":"open","ping_status":"open","sticky":false,"template":"","format":"standard","meta":{"footnotes":""},"categories":[1],"tags":[],"_links":{"self":[{"href":"https:\/\/blog.polityka.pl\/adamczewski\/wp-json\/wp\/v2\/posts\/2223"}],"collection":[{"href":"https:\/\/blog.polityka.pl\/adamczewski\/wp-json\/wp\/v2\/posts"}],"about":[{"href":"https:\/\/blog.polityka.pl\/adamczewski\/wp-json\/wp\/v2\/types\/post"}],"author":[{"embeddable":true,"href":"https:\/\/blog.polityka.pl\/adamczewski\/wp-json\/wp\/v2\/users\/2"}],"replies":[{"embeddable":true,"href":"https:\/\/blog.polityka.pl\/adamczewski\/wp-json\/wp\/v2\/comments?post=2223"}],"version-history":[{"count":0,"href":"https:\/\/blog.polityka.pl\/adamczewski\/wp-json\/wp\/v2\/posts\/2223\/revisions"}],"wp:attachment":[{"href":"https:\/\/blog.polityka.pl\/adamczewski\/wp-json\/wp\/v2\/media?parent=2223"}],"wp:term":[{"taxonomy":"category","embeddable":true,"href":"https:\/\/blog.polityka.pl\/adamczewski\/wp-json\/wp\/v2\/categories?post=2223"},{"taxonomy":"post_tag","embeddable":true,"href":"https:\/\/blog.polityka.pl\/adamczewski\/wp-json\/wp\/v2\/tags?post=2223"}],"curies":[{"name":"wp","href":"https:\/\/api.w.org\/{rel}","templated":true}]}}