
{"id":2228,"date":"2011-02-14T08:00:47","date_gmt":"2011-02-14T07:00:47","guid":{"rendered":"http:\/\/adamczewski.blog.polityka.pl\/?p=2228"},"modified":"2011-02-08T14:38:40","modified_gmt":"2011-02-08T13:38:40","slug":"polska-kuchnia-w-niemieckiej-tv","status":"publish","type":"post","link":"https:\/\/blog.polityka.pl\/adamczewski\/2011\/02\/14\/polska-kuchnia-w-niemieckiej-tv\/","title":{"rendered":"Polska kuchnia w niemieckiej TV"},"content":{"rendered":"<p>\u00a0<br \/>\nPisa\u0142em jaki\u015b czas temu o spotkaniu z niemieck\u0105 TV w ekipie kt\u00f3rej byli oczywi\u015bcie Polacy i z Berlina , i z Warszawy. Opowiada\u0142em im o polskiej kuchni i zabra\u0142em ze sob\u0105 na spotkanie Slow Food na temat ser\u00f3w zagrodowych.<br \/>\nDzi\u015b dosta\u0142em od szefa ekipy Krzysztofa Czajki \u00f3w filmik do obejrzenia. Publiczno\u015b\u0107 niemiecka mog\u0142a to zobaczy\u0107 podczas berli\u0144skich targ\u00f3w \u017cywno\u015bci, na kt\u00f3rych Polska by\u0142a go\u015bciem specjalnym.<br \/>\nOto adres pod kt\u00f3rym reporta\u017c z Warszawy mo\u017cna zobaczy\u0107. A wyst\u0119puje w nim tak\u017ce Brzucho i Agnieszka Kr\u0119glicka. Reporta\u017c wyda\u0142 mi si\u0119 smaczny wiec go udost\u0119pniam:<br \/>\n<a href=\"http:\/\/www.rbb-online.de\/kowalskitrifftschmidt\/archiv\/kowalski_trifft_schmidt36\/neue_polnische_kueche.html\">http:\/\/www.rbb-online.de\/kowalskitrifftschmidt\/archiv\/kowalski_trifft_schmidt36\/neue_polnische_kueche.html<\/a><\/p>\n<p>U mnie w\u0142\u0105cza si\u0119 program po naci\u015bni\u0119ciu klawisza control i klikni\u0119ciu na adres. Mam nadziej\u0119, \u017ce i Wam si\u0119 uda go uruchomi\u0107.<\/p>\n<p>\u00a0<\/p>\n","protected":false},"excerpt":{"rendered":"<p>\u00a0 Pisa\u0142em jaki\u015b czas temu o spotkaniu z niemieck\u0105 TV w ekipie kt\u00f3rej byli oczywi\u015bcie Polacy i z Berlina , i z Warszawy. Opowiada\u0142em im o polskiej kuchni i zabra\u0142em ze sob\u0105 na spotkanie Slow Food na temat ser\u00f3w zagrodowych. Dzi\u015b dosta\u0142em od szefa ekipy Krzysztofa Czajki \u00f3w filmik do obejrzenia. Publiczno\u015b\u0107 niemiecka mog\u0142a to [&hellip;]<\/p>\n","protected":false},"author":2,"featured_media":0,"comment_status":"open","ping_status":"open","sticky":false,"template":"","format":"standard","meta":{"footnotes":""},"categories":[1],"tags":[],"_links":{"self":[{"href":"https:\/\/blog.polityka.pl\/adamczewski\/wp-json\/wp\/v2\/posts\/2228"}],"collection":[{"href":"https:\/\/blog.polityka.pl\/adamczewski\/wp-json\/wp\/v2\/posts"}],"about":[{"href":"https:\/\/blog.polityka.pl\/adamczewski\/wp-json\/wp\/v2\/types\/post"}],"author":[{"embeddable":true,"href":"https:\/\/blog.polityka.pl\/adamczewski\/wp-json\/wp\/v2\/users\/2"}],"replies":[{"embeddable":true,"href":"https:\/\/blog.polityka.pl\/adamczewski\/wp-json\/wp\/v2\/comments?post=2228"}],"version-history":[{"count":0,"href":"https:\/\/blog.polityka.pl\/adamczewski\/wp-json\/wp\/v2\/posts\/2228\/revisions"}],"wp:attachment":[{"href":"https:\/\/blog.polityka.pl\/adamczewski\/wp-json\/wp\/v2\/media?parent=2228"}],"wp:term":[{"taxonomy":"category","embeddable":true,"href":"https:\/\/blog.polityka.pl\/adamczewski\/wp-json\/wp\/v2\/categories?post=2228"},{"taxonomy":"post_tag","embeddable":true,"href":"https:\/\/blog.polityka.pl\/adamczewski\/wp-json\/wp\/v2\/tags?post=2228"}],"curies":[{"name":"wp","href":"https:\/\/api.w.org\/{rel}","templated":true}]}}