
{"id":2230,"date":"2011-02-16T08:00:22","date_gmt":"2011-02-16T07:00:22","guid":{"rendered":"http:\/\/adamczewski.blog.polityka.pl\/?p=2230"},"modified":"2011-02-12T11:19:54","modified_gmt":"2011-02-12T10:19:54","slug":"zgadnij-co-gotujemy-51","status":"publish","type":"post","link":"https:\/\/blog.polityka.pl\/adamczewski\/2011\/02\/16\/zgadnij-co-gotujemy-51\/","title":{"rendered":"Zgadnij co gotujemy?"},"content":{"rendered":"<p>Dzi\u015b kolejny quiz dla mi\u0142o\u015bnik\u00f3w podr\u00f3\u017cy na wsch\u00f3d Europy. Nagrod\u0105 bowiem jest komplet map Litwy, Ukrainy i Estonii z zaznaczonymi ciekawymi trasami i obiektami wartymi zobaczenia. Swoim zwyczajem postaram si\u0119 dostosowa\u0107 pytania do nagrody. Oto one:<\/p>\n<p>1\u00a0&#8211; W jakim mie\u015bcie stoi wie\u017ca nazywaj\u0105ca si\u0119 &#8222;Zajrzyj do kuchni&#8221;, obok kt\u00f3rej\u00a0 w podziemnych korytarzach mo\u017cna pozna\u0107 histori\u0119 grodu?<\/p>\n<p>2\u00a0&#8211; Chyba na wszystkich tutejszych bazarach mo\u017cna kupi\u0107 marchew na ostro przyrz\u0105dzan\u0105 z czosnkiem, papryk\u0105, pieprzem i kolendr\u0105 a sprzedawan\u0105 w papierowych lub foliowych tutkach (ro\u017ckach); o jakim kraju mowa?<\/p>\n<p>3\u00a0&#8211; Tris divinis to s\u0142ynna nalewka zio\u0142owa a z ilu zi\u00f3\u0142 sk\u0142ada si\u0119 \u00f3w przepis?<\/p>\n<p>Tyle pyta\u0144 na dzie\u0144 dzisiejszy. Teraz pora na odpowiedzi wysy\u0142ane tu: <a href=\"mailto:internet@polityka.com.pl\">internet@polityka.com.pl<\/a>\u00a0\u00a0 a ja mapy wy\u015bl\u0119 na podany przez zwyci\u0119zc\u0119 adres. Powodzenia!<\/p>\n<p>\u00a0<\/p>\n","protected":false},"excerpt":{"rendered":"<p>Dzi\u015b kolejny quiz dla mi\u0142o\u015bnik\u00f3w podr\u00f3\u017cy na wsch\u00f3d Europy. Nagrod\u0105 bowiem jest komplet map Litwy, Ukrainy i Estonii z zaznaczonymi ciekawymi trasami i obiektami wartymi zobaczenia. Swoim zwyczajem postaram si\u0119 dostosowa\u0107 pytania do nagrody. Oto one: 1\u00a0&#8211; W jakim mie\u015bcie stoi wie\u017ca nazywaj\u0105ca si\u0119 &#8222;Zajrzyj do kuchni&#8221;, obok kt\u00f3rej\u00a0 w podziemnych korytarzach mo\u017cna pozna\u0107 histori\u0119 [&hellip;]<\/p>\n","protected":false},"author":2,"featured_media":0,"comment_status":"open","ping_status":"open","sticky":false,"template":"","format":"standard","meta":{"footnotes":""},"categories":[1],"tags":[],"_links":{"self":[{"href":"https:\/\/blog.polityka.pl\/adamczewski\/wp-json\/wp\/v2\/posts\/2230"}],"collection":[{"href":"https:\/\/blog.polityka.pl\/adamczewski\/wp-json\/wp\/v2\/posts"}],"about":[{"href":"https:\/\/blog.polityka.pl\/adamczewski\/wp-json\/wp\/v2\/types\/post"}],"author":[{"embeddable":true,"href":"https:\/\/blog.polityka.pl\/adamczewski\/wp-json\/wp\/v2\/users\/2"}],"replies":[{"embeddable":true,"href":"https:\/\/blog.polityka.pl\/adamczewski\/wp-json\/wp\/v2\/comments?post=2230"}],"version-history":[{"count":0,"href":"https:\/\/blog.polityka.pl\/adamczewski\/wp-json\/wp\/v2\/posts\/2230\/revisions"}],"wp:attachment":[{"href":"https:\/\/blog.polityka.pl\/adamczewski\/wp-json\/wp\/v2\/media?parent=2230"}],"wp:term":[{"taxonomy":"category","embeddable":true,"href":"https:\/\/blog.polityka.pl\/adamczewski\/wp-json\/wp\/v2\/categories?post=2230"},{"taxonomy":"post_tag","embeddable":true,"href":"https:\/\/blog.polityka.pl\/adamczewski\/wp-json\/wp\/v2\/tags?post=2230"}],"curies":[{"name":"wp","href":"https:\/\/api.w.org\/{rel}","templated":true}]}}