
{"id":224,"date":"2007-05-23T10:08:47","date_gmt":"2007-05-23T08:08:47","guid":{"rendered":"http:\/\/adamczewski.blog.polityka.pl\/?p=224"},"modified":"2007-05-23T10:08:47","modified_gmt":"2007-05-23T08:08:47","slug":"zgadnij-co-gotujemy-41","status":"publish","type":"post","link":"https:\/\/blog.polityka.pl\/adamczewski\/2007\/05\/23\/zgadnij-co-gotujemy-41\/","title":{"rendered":"Zgadnij co gotujemy? (41)"},"content":{"rendered":"<p>Przekroczyli\u015bmy czterdziestk\u0119. Mam na my\u015bli liczb\u0119 zagadek podrzucanych Pa\u0144stwu do rozwi\u0105zania. Tym razem, poniewa\u017c jestem jeszcze w nastroju urodzinowym, pytania b\u0119d\u0105 dotyczy\u0107 wiekowych smakoszy.<\/p>\n<p>Kto pierwszy przy\u015ble na adres <a href=\"mailto:Internet@polityka.com.pl\"><strong>internet@polityka.com.pl<\/strong><\/a> trzy prawid\u0142owe odpowiedzi, ten zostanie w\u0142a\u015bcicielem &#8222;M\u0119skiego gotowania&#8221; mojego autorstwa z autografem i dedykacj\u0105. Ksi\u0105\u017ck\u0119 wyda\u0142a oficyna Pr\u00f3szy\u0144ski i S-ka, a ja wydoby\u0142em z szuflady jej ostatni egzemplarz.<\/p>\n<p>No wi\u0119c do dzie\u0142a:<\/p>\n<p><strong>1<\/strong> &#8211; Przed ponad dwustu laty \u017cy\u0142 w Chinach wybitny poeta, kt\u00f3ry by\u0142 te\u017c starost\u0105 powiatu Jangning (Nankin). B\u0119d\u0105c na emeryturze napisa\u0142 on fundamentalne dzie\u0142o kulinarne podsumowuj\u0105ce do\u015bwiadczenia \u017cywieniowe od XIV do XVIII wieku. Ksi\u0119ga nazywa si\u0119 &#8222;Jad\u0142ospis Ogrod\u00f3w Sui&#8221;. A jak nazywa si\u0119 autor?<\/p>\n<p><strong>2<\/strong> &#8211; Jednym z najwi\u0119kszych \u0142akomczuch\u00f3w w XIX-wiecznej Warszawie by\u0142 s\u0142ynny malarz historyczny (rywal Matejki) i za\u0142o\u017cyciel Towarzystwa Zach\u0119ty Sztuk Pi\u0119knych. Ulubionym daniem artysty \u015bwi\u0144skie ucho gotowane z zielem angielskim. O kim mowa?<\/p>\n<p><strong>3<\/strong> &#8211; Jeden z najwybitniejszych kompozytor\u00f3w oper w\u0142oskich by\u0142 te\u017c wybitnym smakoszem, autorem przepis\u00f3w, organizatorem wytwornych przyj\u0119\u0107. Kilka da\u0144 s\u0142ynnych w \u015bwiecie smakoszy jest nazwanych jego nazwiskiem. Przez kilkana\u015bcie lat, gdy nie komponowa\u0142 oper dotkni\u0119ty krytyk\u0105 dziennikarzy, zajmowa\u0142 si\u0119 g\u0142\u00f3wnie gotowaniem dla przyjaci\u00f3\u0142 i \u017cony Olimpii. Kto to?<\/p>\n<p>Prosz\u0119 si\u0119 spieszy\u0107. Inni mog\u0105 by\u0107 szybsi! A ja czekam!<\/p>\n","protected":false},"excerpt":{"rendered":"<p>Przekroczyli\u015bmy czterdziestk\u0119. Mam na my\u015bli liczb\u0119 zagadek podrzucanych Pa\u0144stwu do rozwi\u0105zania. Tym razem, poniewa\u017c jestem jeszcze w nastroju urodzinowym, pytania b\u0119d\u0105 dotyczy\u0107 wiekowych smakoszy. Kto pierwszy przy\u015ble na adres internet@polityka.com.pl trzy prawid\u0142owe odpowiedzi, ten zostanie w\u0142a\u015bcicielem &#8222;M\u0119skiego gotowania&#8221; mojego autorstwa z autografem i dedykacj\u0105. Ksi\u0105\u017ck\u0119 wyda\u0142a oficyna Pr\u00f3szy\u0144ski i S-ka, a ja wydoby\u0142em z szuflady [&hellip;]<\/p>\n","protected":false},"author":2,"featured_media":0,"comment_status":"open","ping_status":"open","sticky":false,"template":"","format":"standard","meta":{"footnotes":""},"categories":[1],"tags":[],"_links":{"self":[{"href":"https:\/\/blog.polityka.pl\/adamczewski\/wp-json\/wp\/v2\/posts\/224"}],"collection":[{"href":"https:\/\/blog.polityka.pl\/adamczewski\/wp-json\/wp\/v2\/posts"}],"about":[{"href":"https:\/\/blog.polityka.pl\/adamczewski\/wp-json\/wp\/v2\/types\/post"}],"author":[{"embeddable":true,"href":"https:\/\/blog.polityka.pl\/adamczewski\/wp-json\/wp\/v2\/users\/2"}],"replies":[{"embeddable":true,"href":"https:\/\/blog.polityka.pl\/adamczewski\/wp-json\/wp\/v2\/comments?post=224"}],"version-history":[{"count":0,"href":"https:\/\/blog.polityka.pl\/adamczewski\/wp-json\/wp\/v2\/posts\/224\/revisions"}],"wp:attachment":[{"href":"https:\/\/blog.polityka.pl\/adamczewski\/wp-json\/wp\/v2\/media?parent=224"}],"wp:term":[{"taxonomy":"category","embeddable":true,"href":"https:\/\/blog.polityka.pl\/adamczewski\/wp-json\/wp\/v2\/categories?post=224"},{"taxonomy":"post_tag","embeddable":true,"href":"https:\/\/blog.polityka.pl\/adamczewski\/wp-json\/wp\/v2\/tags?post=224"}],"curies":[{"name":"wp","href":"https:\/\/api.w.org\/{rel}","templated":true}]}}