
{"id":2247,"date":"2011-03-02T08:00:49","date_gmt":"2011-03-02T07:00:49","guid":{"rendered":"http:\/\/adamczewski.blog.polityka.pl\/?p=2247"},"modified":"2011-02-25T16:24:45","modified_gmt":"2011-02-25T15:24:45","slug":"zgadnij-co-gotujemy-55","status":"publish","type":"post","link":"https:\/\/blog.polityka.pl\/adamczewski\/2011\/03\/02\/zgadnij-co-gotujemy-55\/","title":{"rendered":"Zgadnij co gotujemy?"},"content":{"rendered":"<p>W tym tygodniu nagrod\u0105 w quizie jest taka sama ksi\u0105\u017cka,\u00a0 jak ta, kt\u00f3r\u0105\u00a0 wygra\u0142a poprzednim razem Stara \u017baba. To album Artura Tabora &#8222;Kathmandu&#8221;. Tym razem jednak pytania nie b\u0119d\u0105 dotyczy\u0107 Nepalu lecz innych okolic.<\/p>\n<p>Oto pytania:<br \/>\n1)\u00a0Kuchnia Chin jest bardzo r\u00f3\u017cnorodna, kt\u00f3ry region s\u0142ynie z potraw tak ostrych, \u017ce wr\u0119cz trudnych do zaakceptowania przez\u00a0 Europejczyka?<\/p>\n<p>2)\u00a0Sk\u0105d si\u0119 wzi\u0119\u0142a nazwa s\u0142ynnego chi\u0144skiego dania podawanego w ulicznych barach\u00a0&#8211; dandan mian\u00a0 (makaron dandan)?<\/p>\n<p>3)\u00a0W jakim kraju przysmakiem s\u0105 g\u0105sienice jedwabnika?<\/p>\n<p>Odpowiedzi prosz\u0119 przysy\u0142a\u0107 na adres <a href=\"mailto:internet@polityka.com.pl\">internet@polityka.com.pl<\/a><\/p>\n<p>Jak zwykle kto pierwszy ten lepszy. Trzy prawid\u0142owe odpowiedzi umo\u017cliwi\u0105 wys\u0142anie nagrody. Czekam na nie i \u017cegnam do nast\u0119pnego quizu!<\/p>\n<p>\u00a0<\/p>\n","protected":false},"excerpt":{"rendered":"<p>W tym tygodniu nagrod\u0105 w quizie jest taka sama ksi\u0105\u017cka,\u00a0 jak ta, kt\u00f3r\u0105\u00a0 wygra\u0142a poprzednim razem Stara \u017baba. To album Artura Tabora &#8222;Kathmandu&#8221;. Tym razem jednak pytania nie b\u0119d\u0105 dotyczy\u0107 Nepalu lecz innych okolic. Oto pytania: 1)\u00a0Kuchnia Chin jest bardzo r\u00f3\u017cnorodna, kt\u00f3ry region s\u0142ynie z potraw tak ostrych, \u017ce wr\u0119cz trudnych do zaakceptowania przez\u00a0 Europejczyka? [&hellip;]<\/p>\n","protected":false},"author":2,"featured_media":0,"comment_status":"open","ping_status":"open","sticky":false,"template":"","format":"standard","meta":{"footnotes":""},"categories":[1],"tags":[],"_links":{"self":[{"href":"https:\/\/blog.polityka.pl\/adamczewski\/wp-json\/wp\/v2\/posts\/2247"}],"collection":[{"href":"https:\/\/blog.polityka.pl\/adamczewski\/wp-json\/wp\/v2\/posts"}],"about":[{"href":"https:\/\/blog.polityka.pl\/adamczewski\/wp-json\/wp\/v2\/types\/post"}],"author":[{"embeddable":true,"href":"https:\/\/blog.polityka.pl\/adamczewski\/wp-json\/wp\/v2\/users\/2"}],"replies":[{"embeddable":true,"href":"https:\/\/blog.polityka.pl\/adamczewski\/wp-json\/wp\/v2\/comments?post=2247"}],"version-history":[{"count":0,"href":"https:\/\/blog.polityka.pl\/adamczewski\/wp-json\/wp\/v2\/posts\/2247\/revisions"}],"wp:attachment":[{"href":"https:\/\/blog.polityka.pl\/adamczewski\/wp-json\/wp\/v2\/media?parent=2247"}],"wp:term":[{"taxonomy":"category","embeddable":true,"href":"https:\/\/blog.polityka.pl\/adamczewski\/wp-json\/wp\/v2\/categories?post=2247"},{"taxonomy":"post_tag","embeddable":true,"href":"https:\/\/blog.polityka.pl\/adamczewski\/wp-json\/wp\/v2\/tags?post=2247"}],"curies":[{"name":"wp","href":"https:\/\/api.w.org\/{rel}","templated":true}]}}