
{"id":2269,"date":"2011-03-16T08:00:16","date_gmt":"2011-03-16T07:00:16","guid":{"rendered":"http:\/\/adamczewski.blog.polityka.pl\/?p=2269"},"modified":"2011-03-12T07:09:59","modified_gmt":"2011-03-12T06:09:59","slug":"zagadnij-co-gotujemy","status":"publish","type":"post","link":"https:\/\/blog.polityka.pl\/adamczewski\/2011\/03\/16\/zagadnij-co-gotujemy\/","title":{"rendered":"Zagadnij co gotujemy?"},"content":{"rendered":"<p>Wyci\u0105gn\u0105\u0142em z p\u00f3\u0142ki trzeci (i ostatni ju\u017c) egzemplarz albumu &#8222;Kathmandu&#8221;. B\u0119dzie on nagrod\u0105 dzisiejszym quzie. Na pewno znajd\u0105 si\u0119 jeszcze mi\u0142o\u015bnicy Tybetu, kt\u00f3rzy pokusz\u0105 si\u0119 o zdobycie tego pi\u0119knego wydawnictwa.<\/p>\n<p>A wi\u0119c do roboty, do roboty&#8230;<\/p>\n<p>1\u00a0&#8211; Do czego s\u0142u\u017cy\u0142a w dawnej Polsce s\u00f3l \u015bw. Agaty?<\/p>\n<p>2\u00a0&#8211; Co to za potrawa i sk\u0105d pochodzi &#8211; momo?<\/p>\n<p>3\u00a0&#8211; Grajcarek to wcale nie pieni\u0105\u017cek lecz&#8230; ?<\/p>\n<p>I to ju\u017c wszystko. Prosz\u0119 pisa\u0107 na adres <a href=\"mailto:internet@polityka.com.pl\">internet@polityka.com.pl<\/a>\u00a0 Czekam na prawid\u0142owe odpowiedzi i wysy\u0142am nagrod\u0119!<\/p>\n<p>\u00a0<\/p>\n","protected":false},"excerpt":{"rendered":"<p>Wyci\u0105gn\u0105\u0142em z p\u00f3\u0142ki trzeci (i ostatni ju\u017c) egzemplarz albumu &#8222;Kathmandu&#8221;. B\u0119dzie on nagrod\u0105 dzisiejszym quzie. Na pewno znajd\u0105 si\u0119 jeszcze mi\u0142o\u015bnicy Tybetu, kt\u00f3rzy pokusz\u0105 si\u0119 o zdobycie tego pi\u0119knego wydawnictwa. A wi\u0119c do roboty, do roboty&#8230; 1\u00a0&#8211; Do czego s\u0142u\u017cy\u0142a w dawnej Polsce s\u00f3l \u015bw. Agaty? 2\u00a0&#8211; Co to za potrawa i sk\u0105d pochodzi &#8211; [&hellip;]<\/p>\n","protected":false},"author":2,"featured_media":0,"comment_status":"open","ping_status":"open","sticky":false,"template":"","format":"standard","meta":{"footnotes":""},"categories":[1],"tags":[],"_links":{"self":[{"href":"https:\/\/blog.polityka.pl\/adamczewski\/wp-json\/wp\/v2\/posts\/2269"}],"collection":[{"href":"https:\/\/blog.polityka.pl\/adamczewski\/wp-json\/wp\/v2\/posts"}],"about":[{"href":"https:\/\/blog.polityka.pl\/adamczewski\/wp-json\/wp\/v2\/types\/post"}],"author":[{"embeddable":true,"href":"https:\/\/blog.polityka.pl\/adamczewski\/wp-json\/wp\/v2\/users\/2"}],"replies":[{"embeddable":true,"href":"https:\/\/blog.polityka.pl\/adamczewski\/wp-json\/wp\/v2\/comments?post=2269"}],"version-history":[{"count":0,"href":"https:\/\/blog.polityka.pl\/adamczewski\/wp-json\/wp\/v2\/posts\/2269\/revisions"}],"wp:attachment":[{"href":"https:\/\/blog.polityka.pl\/adamczewski\/wp-json\/wp\/v2\/media?parent=2269"}],"wp:term":[{"taxonomy":"category","embeddable":true,"href":"https:\/\/blog.polityka.pl\/adamczewski\/wp-json\/wp\/v2\/categories?post=2269"},{"taxonomy":"post_tag","embeddable":true,"href":"https:\/\/blog.polityka.pl\/adamczewski\/wp-json\/wp\/v2\/tags?post=2269"}],"curies":[{"name":"wp","href":"https:\/\/api.w.org\/{rel}","templated":true}]}}