
{"id":2275,"date":"2008-12-18T07:24:21","date_gmt":"2008-12-18T06:24:21","guid":{"rendered":"http:\/\/adamczewscy.pl\/?p=2275"},"modified":"2008-12-18T07:24:21","modified_gmt":"2008-12-18T06:24:21","slug":"swiateczne-ciasto-z-bakaliami","status":"publish","type":"post","link":"https:\/\/blog.polityka.pl\/adamczewski\/2008\/12\/18\/swiateczne-ciasto-z-bakaliami\/","title":{"rendered":"\u015awi\u0105teczne ciasto z bakaliami"},"content":{"rendered":"<p><em>Na ciasto: 2 niepe\u0142ne szklanki m\u0105ki, 8 \u0142y\u017cek (12 dag) mas\u0142a, 10 \u0142y\u017cek cukru, \u0142y\u017cka miodu, jajo, 0,75 szklanki posiekanych lub zmielonych migda\u0142\u00f3w, szczypta soli.<br \/>\nDo wysmarowania tortownicy: \u0142y\u017cka mas\u0142a.<br \/>\nNa krem: 2 \u017c\u00f3\u0142tka, 8 \u0142y\u017cek cukru, 2 \u0142y\u017cki m\u0105ki, 2 szklanki mleka, szczypta soli.<br \/>\nDo dekoracji:2 szklanki  bakalii, 3 lub 4 \u0142y\u017cki p\u0142ynnego miodu gryczanego.\u00a0<\/em><\/p>\n<p>1. Posiekane migda\u0142y wymiesza\u0107 na stolnicy z m\u0105k\u0105, cukrem i szczypt\u0105 soli.<br \/>\n2. Mas\u0142o posieka\u0107, doda\u0107 do m\u0105ki wraz z jajkiem i \u0142y\u017ceczk\u0105 miodu. Zagnie\u015b\u0107 ciasto.<br \/>\n3. Wy\u0142o\u017cy\u0107 rozwa\u0142kowanym ciastem dno i boki wysmarowanej mas\u0142em tortownicy (30 cm \u015brednicy). Upiec w temperaturze 170 stC (oko\u0142o 20 minut). Ostudzi\u0107.<br \/>\nPrzygotowa\u0107 krem:<br \/>\n4. Utrze\u0107 \u017c\u00f3\u0142tka z cukrem, m\u0105k\u0105 i szczypt\u0105 soli, na koniec wlewa\u0107 ciep\u0142e mleko dalej mieszaj\u0105c, po czym przela\u0107 do garnuszka i gotowa\u0107 2 minuty na ma\u0142ym ogniu. Ostudzi\u0107.<br \/>\n5. Wyla\u0107 krem na upieczone ciasto, posypa\u0107 wierzch bakaliami i pola\u0107 stopionym miodem.<\/p>\n","protected":false},"excerpt":{"rendered":"<p>Na ciasto: 2 niepe\u0142ne szklanki m\u0105ki, 8 \u0142y\u017cek (12 dag) mas\u0142a, 10 \u0142y\u017cek cukru, \u0142y\u017cka miodu, jajo, 0,75 szklanki posiekanych lub zmielonych migda\u0142\u00f3w, szczypta soli. Do wysmarowania tortownicy: \u0142y\u017cka mas\u0142a. Na krem: 2 \u017c\u00f3\u0142tka, 8 \u0142y\u017cek cukru, 2 \u0142y\u017cki m\u0105ki, 2 szklanki mleka, szczypta soli. Do dekoracji:2 szklanki bakalii, 3 lub 4 \u0142y\u017cki p\u0142ynnego miodu [&hellip;]<\/p>\n","protected":false},"author":2,"featured_media":0,"comment_status":"open","ping_status":"open","sticky":false,"template":"","format":"standard","meta":{"footnotes":""},"categories":[1],"tags":[],"_links":{"self":[{"href":"https:\/\/blog.polityka.pl\/adamczewski\/wp-json\/wp\/v2\/posts\/2275"}],"collection":[{"href":"https:\/\/blog.polityka.pl\/adamczewski\/wp-json\/wp\/v2\/posts"}],"about":[{"href":"https:\/\/blog.polityka.pl\/adamczewski\/wp-json\/wp\/v2\/types\/post"}],"author":[{"embeddable":true,"href":"https:\/\/blog.polityka.pl\/adamczewski\/wp-json\/wp\/v2\/users\/2"}],"replies":[{"embeddable":true,"href":"https:\/\/blog.polityka.pl\/adamczewski\/wp-json\/wp\/v2\/comments?post=2275"}],"version-history":[{"count":0,"href":"https:\/\/blog.polityka.pl\/adamczewski\/wp-json\/wp\/v2\/posts\/2275\/revisions"}],"wp:attachment":[{"href":"https:\/\/blog.polityka.pl\/adamczewski\/wp-json\/wp\/v2\/media?parent=2275"}],"wp:term":[{"taxonomy":"category","embeddable":true,"href":"https:\/\/blog.polityka.pl\/adamczewski\/wp-json\/wp\/v2\/categories?post=2275"},{"taxonomy":"post_tag","embeddable":true,"href":"https:\/\/blog.polityka.pl\/adamczewski\/wp-json\/wp\/v2\/tags?post=2275"}],"curies":[{"name":"wp","href":"https:\/\/api.w.org\/{rel}","templated":true}]}}