
{"id":2277,"date":"2008-12-18T07:25:56","date_gmt":"2008-12-18T06:25:56","guid":{"rendered":"http:\/\/adamczewscy.pl\/?p=2277"},"modified":"2008-12-18T07:25:56","modified_gmt":"2008-12-18T06:25:56","slug":"wigilijny-piernik","status":"publish","type":"post","link":"https:\/\/blog.polityka.pl\/adamczewski\/2008\/12\/18\/wigilijny-piernik\/","title":{"rendered":"Wigilijny piernik"},"content":{"rendered":"<p><em>50 dag m\u0105ki, 5 jaj, 8 \u0142y\u017cek mas\u0142a (10 dag), 25 dag miodu, \u0142y\u017ceczka proszku do pieczenia, przyprawa do piernika, p\u00f3\u0142torej szklanki cukru pudru oraz rodzynki, migda\u0142y, posiekane suszone \u015bliwki i orzechy w ilo\u015bci oko\u0142o szklanki \u0142\u0105cznie.\u00a0<\/em><\/p>\n<p>Do posmarowania formy: \u0142y\u017cka mas\u0142a.<br \/>\n1. Utrze\u0107 \u017c\u00f3\u0142tka z mas\u0142em i cukrem na puszyst\u0105 mas\u0119.<br \/>\n2. Wymiesza\u0107 m\u0105k\u0119 z proszkiem do pieczenia, doda\u0107 do masy jajecznej, wla\u0107 mi\u00f3d i przypraw\u0119 do piernika.<br \/>\n3. Ubi\u0107 sztywn\u0105 pian\u0119, doda\u0107 do ciasta wraz z bakaliami, wymiesza\u0107 ostro\u017cnie ale dok\u0142adnie.<br \/>\n4. Wysmarowa\u0107 mas\u0142em 2 foremki tzw. cwibak\u00f3wki lub jedn\u0105 szersz\u0105, wyla\u0107 ciasto i piec mniej wi\u0119cej godzin\u0119 w temperaturze 180 st C.<br \/>\nOstudzone pierniki mo\u017cna pola\u0107 rozpuszczona czekolad\u0105 lub gotow\u0105 polew\u0105 czekoladow\u0105.<\/p>\n","protected":false},"excerpt":{"rendered":"<p>50 dag m\u0105ki, 5 jaj, 8 \u0142y\u017cek mas\u0142a (10 dag), 25 dag miodu, \u0142y\u017ceczka proszku do pieczenia, przyprawa do piernika, p\u00f3\u0142torej szklanki cukru pudru oraz rodzynki, migda\u0142y, posiekane suszone \u015bliwki i orzechy w ilo\u015bci oko\u0142o szklanki \u0142\u0105cznie.\u00a0 Do posmarowania formy: \u0142y\u017cka mas\u0142a. 1. Utrze\u0107 \u017c\u00f3\u0142tka z mas\u0142em i cukrem na puszyst\u0105 mas\u0119. 2. Wymiesza\u0107 m\u0105k\u0119 [&hellip;]<\/p>\n","protected":false},"author":2,"featured_media":0,"comment_status":"open","ping_status":"open","sticky":false,"template":"","format":"standard","meta":{"footnotes":""},"categories":[1],"tags":[],"_links":{"self":[{"href":"https:\/\/blog.polityka.pl\/adamczewski\/wp-json\/wp\/v2\/posts\/2277"}],"collection":[{"href":"https:\/\/blog.polityka.pl\/adamczewski\/wp-json\/wp\/v2\/posts"}],"about":[{"href":"https:\/\/blog.polityka.pl\/adamczewski\/wp-json\/wp\/v2\/types\/post"}],"author":[{"embeddable":true,"href":"https:\/\/blog.polityka.pl\/adamczewski\/wp-json\/wp\/v2\/users\/2"}],"replies":[{"embeddable":true,"href":"https:\/\/blog.polityka.pl\/adamczewski\/wp-json\/wp\/v2\/comments?post=2277"}],"version-history":[{"count":0,"href":"https:\/\/blog.polityka.pl\/adamczewski\/wp-json\/wp\/v2\/posts\/2277\/revisions"}],"wp:attachment":[{"href":"https:\/\/blog.polityka.pl\/adamczewski\/wp-json\/wp\/v2\/media?parent=2277"}],"wp:term":[{"taxonomy":"category","embeddable":true,"href":"https:\/\/blog.polityka.pl\/adamczewski\/wp-json\/wp\/v2\/categories?post=2277"},{"taxonomy":"post_tag","embeddable":true,"href":"https:\/\/blog.polityka.pl\/adamczewski\/wp-json\/wp\/v2\/tags?post=2277"}],"curies":[{"name":"wp","href":"https:\/\/api.w.org\/{rel}","templated":true}]}}