
{"id":2289,"date":"2009-01-11T07:59:39","date_gmt":"2009-01-11T06:59:39","guid":{"rendered":"http:\/\/adamczewscy.pl\/?p=2289"},"modified":"2009-01-11T07:59:39","modified_gmt":"2009-01-11T06:59:39","slug":"barszcz-bialy-ze-szczypiorkiem","status":"publish","type":"post","link":"https:\/\/blog.polityka.pl\/adamczewski\/2009\/01\/11\/barszcz-bialy-ze-szczypiorkiem\/","title":{"rendered":"Barszcz bia\u0142y ze szczypiorkiem"},"content":{"rendered":"<p><em>2 szklanki kiszonego \u017curu, 2 plasterki szynki, 2 plasterki chudego w\u0119dzonego i ugotowanego boczku, cebula, 2 z\u0105bki czosnku, 2 ziarna pieprzu, ziarno ziela angielskiego, li\u015b\u0107 laurowy, p\u00f3l szklanki \u015bmietany, s\u00f3l, pieprz, cukier do smaku, \u0142y\u017cka posiekanego drobno szczypiorku, 2 jajka na twardo.<\/em><\/p>\n<p>1. Zagotowa\u0107 2 szklanki wody z przekrojon\u0105 na \u0107wiartki cebul\u0105, doda\u0107 \u017cur, pieprz, s\u00f3l, ziele, li\u015b\u0107 laurowy, doda\u0107 czosnek posiekany lub przeci\u015bni\u0119ty przez prask\u0119 oraz cukier do smaku. Zagotowa\u0107. Odstawi\u0107 z ognia zup\u0119, zaprawi\u0107 \u015bmietan\u0105<br \/>\n2. Pokroi\u0107 drobno szynk\u0119 i boczek, jajko na twardo obra\u0107 i pokroi\u0107 na \u0107wiartki.<br \/>\n3. W ka\u017cdym talerzu lub bulion\u00f3wce u\u0142o\u017cy\u0107 po trochu posiekanej szynki i boczku oraz \u0107wiartki jajka, zala\u0107 zup\u0105. Wierzch zupy posypa\u0107 posiekanym szczypiorkiem.<\/p>\n","protected":false},"excerpt":{"rendered":"<p>2 szklanki kiszonego \u017curu, 2 plasterki szynki, 2 plasterki chudego w\u0119dzonego i ugotowanego boczku, cebula, 2 z\u0105bki czosnku, 2 ziarna pieprzu, ziarno ziela angielskiego, li\u015b\u0107 laurowy, p\u00f3l szklanki \u015bmietany, s\u00f3l, pieprz, cukier do smaku, \u0142y\u017cka posiekanego drobno szczypiorku, 2 jajka na twardo. 1. Zagotowa\u0107 2 szklanki wody z przekrojon\u0105 na \u0107wiartki cebul\u0105, doda\u0107 \u017cur, pieprz, [&hellip;]<\/p>\n","protected":false},"author":2,"featured_media":0,"comment_status":"open","ping_status":"open","sticky":false,"template":"","format":"standard","meta":{"footnotes":""},"categories":[1],"tags":[],"_links":{"self":[{"href":"https:\/\/blog.polityka.pl\/adamczewski\/wp-json\/wp\/v2\/posts\/2289"}],"collection":[{"href":"https:\/\/blog.polityka.pl\/adamczewski\/wp-json\/wp\/v2\/posts"}],"about":[{"href":"https:\/\/blog.polityka.pl\/adamczewski\/wp-json\/wp\/v2\/types\/post"}],"author":[{"embeddable":true,"href":"https:\/\/blog.polityka.pl\/adamczewski\/wp-json\/wp\/v2\/users\/2"}],"replies":[{"embeddable":true,"href":"https:\/\/blog.polityka.pl\/adamczewski\/wp-json\/wp\/v2\/comments?post=2289"}],"version-history":[{"count":0,"href":"https:\/\/blog.polityka.pl\/adamczewski\/wp-json\/wp\/v2\/posts\/2289\/revisions"}],"wp:attachment":[{"href":"https:\/\/blog.polityka.pl\/adamczewski\/wp-json\/wp\/v2\/media?parent=2289"}],"wp:term":[{"taxonomy":"category","embeddable":true,"href":"https:\/\/blog.polityka.pl\/adamczewski\/wp-json\/wp\/v2\/categories?post=2289"},{"taxonomy":"post_tag","embeddable":true,"href":"https:\/\/blog.polityka.pl\/adamczewski\/wp-json\/wp\/v2\/tags?post=2289"}],"curies":[{"name":"wp","href":"https:\/\/api.w.org\/{rel}","templated":true}]}}