
{"id":2295,"date":"2011-03-22T08:00:22","date_gmt":"2011-03-22T07:00:22","guid":{"rendered":"http:\/\/adamczewski.blog.polityka.pl\/?p=2295"},"modified":"2011-03-20T16:51:47","modified_gmt":"2011-03-20T15:51:47","slug":"otwieramy-sezon-wiejski","status":"publish","type":"post","link":"https:\/\/blog.polityka.pl\/adamczewski\/2011\/03\/22\/otwieramy-sezon-wiejski\/","title":{"rendered":"Otwieramy sezon wiejski"},"content":{"rendered":"<p>Jest zimno jak cholera. Termometry wskazuj\u0105 3 stopnie powy\u017cej zera ale na trawnikach\u00a0 rano le\u017cy \u015bnieg, kt\u00f3ry spad\u0142 w nocy (na szcz\u0119\u015bcie taje) a wilgo\u0107 w powietrzu i wiatr powoduj\u0105, \u017ce lodowaciej\u0105 r\u0119ce i policzki. Niby to przedwio\u015bnie a atmosfera ohydnej zimy. Aby si\u0119 nieco pocieszy\u0107 poogl\u0105da\u0142em sobie zdj\u0119cia z jednego ze spotka\u0144 w \u017babich B\u0142otach. Oto zdj\u0119cie zrobione przez Wojtka Druszcza &#8211; fotoreportera &#8222;Polityki&#8221;:<\/p>\n<p><a href=\"\/wp-content\/uploads\/2011\/03\/Zjazd-w-\u017babich-B\u0142otach.jpg\"><img loading=\"lazy\" decoding=\"async\" class=\"aligncenter size-medium wp-image-2311\" title=\"Zjazd w \u017babich B\u0142otach\" src=\"\/wp-content\/uploads\/2011\/03\/Zjazd-w-\u017babich-B\u0142otach-300x144.jpg\" alt=\"\" width=\"300\" height=\"144\" srcset=\"\/adamczewski\/wp-content\/uploads\/2011\/03\/Zjazd-w-\u017babich-B\u0142otach-300x144.jpg 300w, \/adamczewski\/wp-content\/uploads\/2011\/03\/Zjazd-w-\u017babich-B\u0142otach.jpg 640w\" sizes=\"(max-width: 300px) 100vw, 300px\" \/><\/a><\/p>\n<p>To nas zach\u0119ci\u0142o do wyjazdu\u00a0\u00a0 na wie\u015b. Te par\u0119 miesi\u0119cy sp\u0119dzonych w mie\u015bcie ju\u017c nas\u00a0 doprowadzi\u0142o do takiej t\u0119sknoty za lasem, nadnarwia\u0144skimi \u0142\u0105kami i ciep\u0142em bij\u0105cym od rozgrzanego do czerwono\u015bci pieca, \u017ce nie zwa\u017caj\u0105c na niesprzyjaj\u0105ce okoliczno\u015bci ruszyli\u015bmy do Puszczy Bia\u0142ej.<\/p>\n<p>Po drodze widzieli\u015bmy klucze wracaj\u0105cych g\u0119si. Na miejscu zastali\u015bmy wrzeszcz\u0105ce \u017curawie. Dwie sarny przeci\u0119\u0142y nam drog\u0119 gdy doje\u017cd\u017cali\u015bmy do s\u0105siedniej wsi o pi\u0119knej nazwie Kruczy Borek. Uznali\u015bmy wi\u0119c, \u017ce warto by\u0142o jecha\u0107.<\/p>\n<p><img loading=\"lazy\" decoding=\"async\" class=\"aligncenter size-medium wp-image-2297\" title=\"OLYMPUS DIGITAL CAMERA\" src=\"\/wp-content\/uploads\/2011\/03\/Nowa-szopka-w-\u0141ecinie-2-300x225.jpg\" alt=\"\" width=\"300\" height=\"225\" srcset=\"\/adamczewski\/wp-content\/uploads\/2011\/03\/Nowa-szopka-w-\u0141ecinie-2-300x225.jpg 300w, \/adamczewski\/wp-content\/uploads\/2011\/03\/Nowa-szopka-w-\u0141ecinie-2.jpg 640w\" sizes=\"(max-width: 300px) 100vw, 300px\" \/><\/p>\n<p>Na miejscu zastali\u015bmy bardzo zaprzyja\u017anionego z nami cie\u015bl\u0119, Pana Tadeusza, kt\u00f3ry ko\u0144czy rozbudow\u0119 naszej letniej kuchni i hydroforni zarazem. Jeszcze tylko par\u0119 dni i wszystko b\u0119dzie gotowe. Wewn\u0105trz domu pozimowy ba\u0142agan wymagaj\u0105cy\u00a0 posprz\u0105tania. Ruszyli\u015bmy wi\u0119c do porz\u0105dkowania domu.<\/p>\n<p>Po kilku godzinach w kuchni wszystko by\u0142o u\u0142adzone. Na porz\u0105dki w szopce ruszymy dopiero po zako\u0144czeniu rozbudowy i uruchomieniu wodoci\u0105gu. Pod wiecz\u00f3r wi\u0119c zm\u0119czeni ale szcz\u0119\u015bliwi ruszyli\u015bmy do miejskiego domu.<br \/>\nK\u0105piel, dobra kolacja i\u00a0&#8230; go\u015bcie. Zm\u0119czenie znikn\u0119\u0142o. Za tydzie\u0144 za\u015b zostaniemy na wsi ju\u017c na noc. Nawet przymrozek nas nie wyp\u0142oszy. \u017bycie na skraju lasu, nad \u0142\u0105kami, w pobli\u017cu rzeki to jest frajda.<\/p>\n<p><a href=\"\/wp-content\/uploads\/2011\/03\/Wino-z-Margaux.jpg\"><img loading=\"lazy\" decoding=\"async\" class=\"aligncenter size-medium wp-image-2301\" title=\"OLYMPUS DIGITAL CAMERA\" src=\"\/wp-content\/uploads\/2011\/03\/Wino-z-Margaux-225x300.jpg\" alt=\"\" width=\"225\" height=\"300\" srcset=\"\/adamczewski\/wp-content\/uploads\/2011\/03\/Wino-z-Margaux-225x300.jpg 225w, \/adamczewski\/wp-content\/uploads\/2011\/03\/Wino-z-Margaux.jpg 360w\" sizes=\"(max-width: 225px) 100vw, 225px\" \/><\/a><img loading=\"lazy\" decoding=\"async\" class=\"aligncenter size-medium wp-image-2300\" title=\"OLYMPUS DIGITAL CAMERA\" src=\"\/wp-content\/uploads\/2011\/03\/kolacja-wst\u0119p-300x225.jpg\" alt=\"\" width=\"300\" height=\"225\" srcset=\"\/adamczewski\/wp-content\/uploads\/2011\/03\/kolacja-wst\u0119p-300x225.jpg 300w, \/adamczewski\/wp-content\/uploads\/2011\/03\/kolacja-wst\u0119p.jpg 640w\" sizes=\"(max-width: 300px) 100vw, 300px\" \/><\/p>\n","protected":false},"excerpt":{"rendered":"<p>Jest zimno jak cholera. Termometry wskazuj\u0105 3 stopnie powy\u017cej zera ale na trawnikach\u00a0 rano le\u017cy \u015bnieg, kt\u00f3ry spad\u0142 w nocy (na szcz\u0119\u015bcie taje) a wilgo\u0107 w powietrzu i wiatr powoduj\u0105, \u017ce lodowaciej\u0105 r\u0119ce i policzki. Niby to przedwio\u015bnie a atmosfera ohydnej zimy. Aby si\u0119 nieco pocieszy\u0107 poogl\u0105da\u0142em sobie zdj\u0119cia z jednego ze spotka\u0144 w \u017babich [&hellip;]<\/p>\n","protected":false},"author":2,"featured_media":0,"comment_status":"open","ping_status":"open","sticky":false,"template":"","format":"standard","meta":{"footnotes":""},"categories":[1],"tags":[],"_links":{"self":[{"href":"https:\/\/blog.polityka.pl\/adamczewski\/wp-json\/wp\/v2\/posts\/2295"}],"collection":[{"href":"https:\/\/blog.polityka.pl\/adamczewski\/wp-json\/wp\/v2\/posts"}],"about":[{"href":"https:\/\/blog.polityka.pl\/adamczewski\/wp-json\/wp\/v2\/types\/post"}],"author":[{"embeddable":true,"href":"https:\/\/blog.polityka.pl\/adamczewski\/wp-json\/wp\/v2\/users\/2"}],"replies":[{"embeddable":true,"href":"https:\/\/blog.polityka.pl\/adamczewski\/wp-json\/wp\/v2\/comments?post=2295"}],"version-history":[{"count":6,"href":"https:\/\/blog.polityka.pl\/adamczewski\/wp-json\/wp\/v2\/posts\/2295\/revisions"}],"predecessor-version":[{"id":2298,"href":"https:\/\/blog.polityka.pl\/adamczewski\/wp-json\/wp\/v2\/posts\/2295\/revisions\/2298"}],"wp:attachment":[{"href":"https:\/\/blog.polityka.pl\/adamczewski\/wp-json\/wp\/v2\/media?parent=2295"}],"wp:term":[{"taxonomy":"category","embeddable":true,"href":"https:\/\/blog.polityka.pl\/adamczewski\/wp-json\/wp\/v2\/categories?post=2295"},{"taxonomy":"post_tag","embeddable":true,"href":"https:\/\/blog.polityka.pl\/adamczewski\/wp-json\/wp\/v2\/tags?post=2295"}],"curies":[{"name":"wp","href":"https:\/\/api.w.org\/{rel}","templated":true}]}}