
{"id":2304,"date":"2009-01-18T11:14:22","date_gmt":"2009-01-18T10:14:22","guid":{"rendered":"http:\/\/adamczewscy.pl\/?p=2304"},"modified":"2009-01-18T11:14:22","modified_gmt":"2009-01-18T10:14:22","slug":"babka-drozdzowa-inaczej","status":"publish","type":"post","link":"https:\/\/blog.polityka.pl\/adamczewski\/2009\/01\/18\/babka-drozdzowa-inaczej\/","title":{"rendered":"Babka dro\u017cd\u017cowa inaczej"},"content":{"rendered":"<p><em>2 szklanki m\u0105ki, opakowanie dro\u017cd\u017cy instant, 8 jaja, 20 dag mas\u0142a, niepe\u0142na szklanka cukru, cukier z prawdziw\u0105 wanili\u0105, 2 gar\u015bcie rodzynek.<br \/>\nDo posmarowania formy: \u0142y\u017cka mas\u0142a. Do posypania: 2 \u0142y\u017cki cukru pudru.\u00a0<\/em><\/p>\n<p>1. Dro\u017cd\u017ce wymiesza\u0107 z m\u0105k\u0105.<br \/>\n2. Utrze\u0107 mas\u0142o z cukrem i w czasie ucierania dodawa\u0107 po jednym \u017c\u00f3\u0142tku.<br \/>\n3. Po\u0142\u0105czy\u0107 utarte mas\u0142o i \u017c\u00f3\u0142tka z m\u0105k\u0105, rodzynkami i odstawi\u0107 do wyro\u015bni\u0119cia.<br \/>\n4. Do wyro\u015bni\u0119tego ciasta doda\u0107 ubite na sztywn\u0105 pian\u0119 bia\u0142ka i starannie wymiesza\u0107.<br \/>\n5. Do wysmarowanej mas\u0142em foremki prze\u0142o\u017cy\u0107 ciasto i piec w temperaturze 190 st C oko\u0142o p\u00f3\u0142 godziny. Kiedy wbity w \u015brodek patyczek jest suchy &#8211; ciasto gotowe. Mo\u017cna je po wierzchu posypa\u0107 cukrem pudrem.<\/p>\n","protected":false},"excerpt":{"rendered":"<p>2 szklanki m\u0105ki, opakowanie dro\u017cd\u017cy instant, 8 jaja, 20 dag mas\u0142a, niepe\u0142na szklanka cukru, cukier z prawdziw\u0105 wanili\u0105, 2 gar\u015bcie rodzynek. Do posmarowania formy: \u0142y\u017cka mas\u0142a. Do posypania: 2 \u0142y\u017cki cukru pudru.\u00a0 1. Dro\u017cd\u017ce wymiesza\u0107 z m\u0105k\u0105. 2. Utrze\u0107 mas\u0142o z cukrem i w czasie ucierania dodawa\u0107 po jednym \u017c\u00f3\u0142tku. 3. Po\u0142\u0105czy\u0107 utarte mas\u0142o i [&hellip;]<\/p>\n","protected":false},"author":2,"featured_media":0,"comment_status":"open","ping_status":"open","sticky":false,"template":"","format":"standard","meta":{"footnotes":""},"categories":[1],"tags":[],"_links":{"self":[{"href":"https:\/\/blog.polityka.pl\/adamczewski\/wp-json\/wp\/v2\/posts\/2304"}],"collection":[{"href":"https:\/\/blog.polityka.pl\/adamczewski\/wp-json\/wp\/v2\/posts"}],"about":[{"href":"https:\/\/blog.polityka.pl\/adamczewski\/wp-json\/wp\/v2\/types\/post"}],"author":[{"embeddable":true,"href":"https:\/\/blog.polityka.pl\/adamczewski\/wp-json\/wp\/v2\/users\/2"}],"replies":[{"embeddable":true,"href":"https:\/\/blog.polityka.pl\/adamczewski\/wp-json\/wp\/v2\/comments?post=2304"}],"version-history":[{"count":0,"href":"https:\/\/blog.polityka.pl\/adamczewski\/wp-json\/wp\/v2\/posts\/2304\/revisions"}],"wp:attachment":[{"href":"https:\/\/blog.polityka.pl\/adamczewski\/wp-json\/wp\/v2\/media?parent=2304"}],"wp:term":[{"taxonomy":"category","embeddable":true,"href":"https:\/\/blog.polityka.pl\/adamczewski\/wp-json\/wp\/v2\/categories?post=2304"},{"taxonomy":"post_tag","embeddable":true,"href":"https:\/\/blog.polityka.pl\/adamczewski\/wp-json\/wp\/v2\/tags?post=2304"}],"curies":[{"name":"wp","href":"https:\/\/api.w.org\/{rel}","templated":true}]}}