
{"id":2305,"date":"2009-01-18T11:15:34","date_gmt":"2009-01-18T10:15:34","guid":{"rendered":"http:\/\/adamczewscy.pl\/?p=2305"},"modified":"2009-01-18T11:15:34","modified_gmt":"2009-01-18T10:15:34","slug":"chili-con-carne","status":"publish","type":"post","link":"https:\/\/blog.polityka.pl\/adamczewski\/2009\/01\/18\/chili-con-carne\/","title":{"rendered":"Chili con carne"},"content":{"rendered":"<p><em>40 dag bia\u0142ej lub br\u0105zowej niezbyt drobnej fasoli, 40 dag mielonej wo\u0142owiny lub mi\u0119sa z indyka, 2 \u015brednie cebule, po jednej czerwonej, zielonej, \u017c\u00f3\u0142tej i pomara\u0144czowej papryki, 2 \u015brednie mi\u0119siste pomidory, 4 \u0142y\u017cki oleju, s\u00f3l, pieprz, mielona papryka do smaku. Ewentualnie szklanka czerwonego wytrawnego wina.\u00a0<\/em><\/p>\n<p>1. Namoczy\u0107 fasol\u0119, nast\u0119pnego dnia ugotowa\u0107.<br \/>\n2. Papryki pokroi\u0107 w drobn\u0105 kostk\u0119. Pomidory obra\u0107 ze sk\u00f3rki i pokroi\u0107 na \u0107wiartki<br \/>\n3. Cebul\u0119 posieka\u0107 i wraz z pokrojon\u0105 papryk\u0105 przesma\u017cy\u0107 na 2 \u0142y\u017ckach oleju.<br \/>\n4. Na pozosta\u0142ym oleju podsma\u017cy\u0107 w garnku mi\u0119so, doda\u0107 papryk\u0119 z cebul\u0105 i pomidory. Gotowa\u0107 razem 15-20 minut, po czym doda\u0107 ugotowan\u0105 fasol\u0119, doprawi\u0107 sol\u0105, pieprzem i papryk\u0105. Je\u015bli dodajemy czerwone wino powinni\u015bmy zrobi\u0107 to w tym momencie. Gotowa\u0107 wszystko razem 5-10 minut.<\/p>\n<p>Chili con carne mo\u017cna podawa\u0107 z dodatkiem ry\u017cu, ale znacznie lepiej smakuje z chrupi\u0105cym chlebem.<\/p>\n","protected":false},"excerpt":{"rendered":"<p>40 dag bia\u0142ej lub br\u0105zowej niezbyt drobnej fasoli, 40 dag mielonej wo\u0142owiny lub mi\u0119sa z indyka, 2 \u015brednie cebule, po jednej czerwonej, zielonej, \u017c\u00f3\u0142tej i pomara\u0144czowej papryki, 2 \u015brednie mi\u0119siste pomidory, 4 \u0142y\u017cki oleju, s\u00f3l, pieprz, mielona papryka do smaku. Ewentualnie szklanka czerwonego wytrawnego wina.\u00a0 1. Namoczy\u0107 fasol\u0119, nast\u0119pnego dnia ugotowa\u0107. 2. Papryki pokroi\u0107 w [&hellip;]<\/p>\n","protected":false},"author":2,"featured_media":0,"comment_status":"open","ping_status":"open","sticky":false,"template":"","format":"standard","meta":{"footnotes":""},"categories":[1],"tags":[],"_links":{"self":[{"href":"https:\/\/blog.polityka.pl\/adamczewski\/wp-json\/wp\/v2\/posts\/2305"}],"collection":[{"href":"https:\/\/blog.polityka.pl\/adamczewski\/wp-json\/wp\/v2\/posts"}],"about":[{"href":"https:\/\/blog.polityka.pl\/adamczewski\/wp-json\/wp\/v2\/types\/post"}],"author":[{"embeddable":true,"href":"https:\/\/blog.polityka.pl\/adamczewski\/wp-json\/wp\/v2\/users\/2"}],"replies":[{"embeddable":true,"href":"https:\/\/blog.polityka.pl\/adamczewski\/wp-json\/wp\/v2\/comments?post=2305"}],"version-history":[{"count":0,"href":"https:\/\/blog.polityka.pl\/adamczewski\/wp-json\/wp\/v2\/posts\/2305\/revisions"}],"wp:attachment":[{"href":"https:\/\/blog.polityka.pl\/adamczewski\/wp-json\/wp\/v2\/media?parent=2305"}],"wp:term":[{"taxonomy":"category","embeddable":true,"href":"https:\/\/blog.polityka.pl\/adamczewski\/wp-json\/wp\/v2\/categories?post=2305"},{"taxonomy":"post_tag","embeddable":true,"href":"https:\/\/blog.polityka.pl\/adamczewski\/wp-json\/wp\/v2\/tags?post=2305"}],"curies":[{"name":"wp","href":"https:\/\/api.w.org\/{rel}","templated":true}]}}