
{"id":2306,"date":"2009-01-18T11:16:12","date_gmt":"2009-01-18T10:16:12","guid":{"rendered":"http:\/\/adamczewscy.pl\/?p=2306"},"modified":"2009-01-18T11:16:12","modified_gmt":"2009-01-18T10:16:12","slug":"dorsz-w-platkach-migdalowych","status":"publish","type":"post","link":"https:\/\/blog.polityka.pl\/adamczewski\/2009\/01\/18\/dorsz-w-platkach-migdalowych\/","title":{"rendered":"Dorsz w p\u0142atkach migda\u0142owych"},"content":{"rendered":"<p><em>4 niedu\u017ce filety z dorsza, \u0142y\u017ckiam\u0105ki, 2 jajka, 4 \u0142y\u017cki migda\u0142owych p\u0142atk\u00f3w, 2 \u0142y\u017cki soku cytrynowego, p\u00f3\u0142 szklanki oleju do sma\u017cenia, s\u00f3l, pieprz.\u00a0<\/em><\/p>\n<p>1. Filety op\u0142uka\u0107, osuszy\u0107 papierow\u0105 kuchenn\u0105 \u015bciereczk\u0105, lekko posoli\u0107 i skropi\u0107 sokiem cytrynowym, odstawi \u0107 na p\u00f3\u0142 godziny.<br \/>\n2. Rozgrza\u0107 olej na patelni. Jajka rozbi\u0107 z \u0142y\u017ceczk\u0105 wody.<br \/>\n3. Ryb\u0119 obsypa\u0107 m\u0105k\u0105 nast\u0119pnie macza\u0107 w rozbitym jajku i migda\u0142owych p\u0142atkach. Uk\u0142ada\u0107 na rozgrzanym oleju. Sma\u017cy\u0107 po 6 minut z ka\u017cdej strony.<\/p>\n","protected":false},"excerpt":{"rendered":"<p>4 niedu\u017ce filety z dorsza, \u0142y\u017ckiam\u0105ki, 2 jajka, 4 \u0142y\u017cki migda\u0142owych p\u0142atk\u00f3w, 2 \u0142y\u017cki soku cytrynowego, p\u00f3\u0142 szklanki oleju do sma\u017cenia, s\u00f3l, pieprz.\u00a0 1. Filety op\u0142uka\u0107, osuszy\u0107 papierow\u0105 kuchenn\u0105 \u015bciereczk\u0105, lekko posoli\u0107 i skropi\u0107 sokiem cytrynowym, odstawi \u0107 na p\u00f3\u0142 godziny. 2. Rozgrza\u0107 olej na patelni. Jajka rozbi\u0107 z \u0142y\u017ceczk\u0105 wody. 3. Ryb\u0119 obsypa\u0107 m\u0105k\u0105 [&hellip;]<\/p>\n","protected":false},"author":2,"featured_media":0,"comment_status":"open","ping_status":"open","sticky":false,"template":"","format":"standard","meta":{"footnotes":""},"categories":[1],"tags":[],"_links":{"self":[{"href":"https:\/\/blog.polityka.pl\/adamczewski\/wp-json\/wp\/v2\/posts\/2306"}],"collection":[{"href":"https:\/\/blog.polityka.pl\/adamczewski\/wp-json\/wp\/v2\/posts"}],"about":[{"href":"https:\/\/blog.polityka.pl\/adamczewski\/wp-json\/wp\/v2\/types\/post"}],"author":[{"embeddable":true,"href":"https:\/\/blog.polityka.pl\/adamczewski\/wp-json\/wp\/v2\/users\/2"}],"replies":[{"embeddable":true,"href":"https:\/\/blog.polityka.pl\/adamczewski\/wp-json\/wp\/v2\/comments?post=2306"}],"version-history":[{"count":0,"href":"https:\/\/blog.polityka.pl\/adamczewski\/wp-json\/wp\/v2\/posts\/2306\/revisions"}],"wp:attachment":[{"href":"https:\/\/blog.polityka.pl\/adamczewski\/wp-json\/wp\/v2\/media?parent=2306"}],"wp:term":[{"taxonomy":"category","embeddable":true,"href":"https:\/\/blog.polityka.pl\/adamczewski\/wp-json\/wp\/v2\/categories?post=2306"},{"taxonomy":"post_tag","embeddable":true,"href":"https:\/\/blog.polityka.pl\/adamczewski\/wp-json\/wp\/v2\/tags?post=2306"}],"curies":[{"name":"wp","href":"https:\/\/api.w.org\/{rel}","templated":true}]}}