
{"id":2307,"date":"2009-01-18T11:19:31","date_gmt":"2009-01-18T10:19:31","guid":{"rendered":"http:\/\/adamczewscy.pl\/?p=2307"},"modified":"2009-01-18T11:19:31","modified_gmt":"2009-01-18T10:19:31","slug":"kapusniak-wegierski","status":"publish","type":"post","link":"https:\/\/blog.polityka.pl\/adamczewski\/2009\/01\/18\/kapusniak-wegierski\/","title":{"rendered":"Kapu\u015bniak w\u0119gierski"},"content":{"rendered":"<p><em>40 dag kiszonej kapusty, 20 dag kie\u0142basy, str\u0105k czerwonej papryki, 2 \u0142y\u017cki mas\u0142a, \u0142y\u017cka koncentratu pomidorowego, 3 szklanki roso\u0142u z kostki, 2 \u0142y\u017cki szczypiorku, s\u00f3l, pieprz, szczypta cukru, jakakolwiek ostra przyprawa.\u00a0<\/em><\/p>\n<p>1. Pokroi\u0107 papryk\u0119 w drobn\u0105 kostk\u0119, kapust\u0119 przesieka\u0107.<br \/>\n2. Rozgrza\u0107 w garnku mas\u0142o, podsma\u017cy\u0107 na nim posiekan\u0105 papryk\u0119 po chwili sma\u017cenia kapust\u0119 i koncentrat pomidorowy i ros\u00f3\u0142. Gotowa\u0107 30 minut na n nazbyt silnym ogniu.<br \/>\n3. Kie\u0142bas\u0119 pokroi\u0107 w kr\u0105\u017cki, doda\u0107 pod koniec gotowania do zupy, kt\u00f3r\u0105 doprawi\u0107 sol\u0105, pieprzem ostr\u0105 przypraw\u0105 i cukrem wed\u0142ug smaku.<br \/>\n4. Ka\u017cd\u0105 porcj\u0119 kapu\u015bniaku posypa\u0107 posiekanym szczypiorkiem.<\/p>\n","protected":false},"excerpt":{"rendered":"<p>40 dag kiszonej kapusty, 20 dag kie\u0142basy, str\u0105k czerwonej papryki, 2 \u0142y\u017cki mas\u0142a, \u0142y\u017cka koncentratu pomidorowego, 3 szklanki roso\u0142u z kostki, 2 \u0142y\u017cki szczypiorku, s\u00f3l, pieprz, szczypta cukru, jakakolwiek ostra przyprawa.\u00a0 1. Pokroi\u0107 papryk\u0119 w drobn\u0105 kostk\u0119, kapust\u0119 przesieka\u0107. 2. Rozgrza\u0107 w garnku mas\u0142o, podsma\u017cy\u0107 na nim posiekan\u0105 papryk\u0119 po chwili sma\u017cenia kapust\u0119 i koncentrat [&hellip;]<\/p>\n","protected":false},"author":2,"featured_media":0,"comment_status":"open","ping_status":"open","sticky":false,"template":"","format":"standard","meta":{"footnotes":""},"categories":[1],"tags":[],"_links":{"self":[{"href":"https:\/\/blog.polityka.pl\/adamczewski\/wp-json\/wp\/v2\/posts\/2307"}],"collection":[{"href":"https:\/\/blog.polityka.pl\/adamczewski\/wp-json\/wp\/v2\/posts"}],"about":[{"href":"https:\/\/blog.polityka.pl\/adamczewski\/wp-json\/wp\/v2\/types\/post"}],"author":[{"embeddable":true,"href":"https:\/\/blog.polityka.pl\/adamczewski\/wp-json\/wp\/v2\/users\/2"}],"replies":[{"embeddable":true,"href":"https:\/\/blog.polityka.pl\/adamczewski\/wp-json\/wp\/v2\/comments?post=2307"}],"version-history":[{"count":0,"href":"https:\/\/blog.polityka.pl\/adamczewski\/wp-json\/wp\/v2\/posts\/2307\/revisions"}],"wp:attachment":[{"href":"https:\/\/blog.polityka.pl\/adamczewski\/wp-json\/wp\/v2\/media?parent=2307"}],"wp:term":[{"taxonomy":"category","embeddable":true,"href":"https:\/\/blog.polityka.pl\/adamczewski\/wp-json\/wp\/v2\/categories?post=2307"},{"taxonomy":"post_tag","embeddable":true,"href":"https:\/\/blog.polityka.pl\/adamczewski\/wp-json\/wp\/v2\/tags?post=2307"}],"curies":[{"name":"wp","href":"https:\/\/api.w.org\/{rel}","templated":true}]}}