
{"id":2308,"date":"2011-03-23T08:00:19","date_gmt":"2011-03-23T07:00:19","guid":{"rendered":"http:\/\/adamczewski.blog.polityka.pl\/?p=2308"},"modified":"2011-03-21T08:08:23","modified_gmt":"2011-03-21T07:08:23","slug":"zagadnij-co-gotujemy-3","status":"publish","type":"post","link":"https:\/\/blog.polityka.pl\/adamczewski\/2011\/03\/23\/zagadnij-co-gotujemy-3\/","title":{"rendered":"Zagadnij co gotujemy?"},"content":{"rendered":"<p>Tym razem nagroda to niebywale ciekawa ksi\u0105\u017cka napisana przez wybitnego kucharza i telewizyjnego showmana jednocze\u015bnie. Oczywi\u015bcie chodzi o Anthony&#8217;ego Bourdaina. Jego ksi\u0105\u017ck\u0119 &#8222;Kuchnie \u015bwiata&#8221; wydan\u0105 przez Carta Blanca,\u00a0 ju\u017c przeczyta\u0142em i recenzowa\u0142em, gor\u0105co\u00a0 polecaj\u0105c. Warto po ni\u0105 si\u0119gn\u0105\u0107, mimo \u017ce przepis\u00f3w w niej nie ma. Ale dla smakoszy (i nie tylko) lektura to przednia. Trzeba tylko\u00a0 troszk\u0119 si\u0119 wysili\u0107 i przys\u0142a\u0107 prawid\u0142owe odpowiedzi.<br \/>\n1\u00a0&#8211; Co to za danie i jakiego jest kraju &#8211; dobrada?<br \/>\n2\u00a0&#8211; Pintxos to &#8230; podawane w &#8230; ?<br \/>\n3\u00a0&#8211; Co to jest mole poblano?<br \/>\nI to ju\u017c wszystko. Prosz\u0119 pisa\u0107 na adres <a href=\"mailto:internet@polityka.com.pl\">internet@polityka.com.pl<\/a>\u00a0 Czekam na prawid\u0142owe odpowiedzi i wysy\u0142am nagrod\u0119!<\/p>\n","protected":false},"excerpt":{"rendered":"<p>Tym razem nagroda to niebywale ciekawa ksi\u0105\u017cka napisana przez wybitnego kucharza i telewizyjnego showmana jednocze\u015bnie. Oczywi\u015bcie chodzi o Anthony&#8217;ego Bourdaina. Jego ksi\u0105\u017ck\u0119 &#8222;Kuchnie \u015bwiata&#8221; wydan\u0105 przez Carta Blanca,\u00a0 ju\u017c przeczyta\u0142em i recenzowa\u0142em, gor\u0105co\u00a0 polecaj\u0105c. Warto po ni\u0105 si\u0119gn\u0105\u0107, mimo \u017ce przepis\u00f3w w niej nie ma. Ale dla smakoszy (i nie tylko) lektura to przednia. Trzeba [&hellip;]<\/p>\n","protected":false},"author":2,"featured_media":0,"comment_status":"open","ping_status":"open","sticky":false,"template":"","format":"standard","meta":{"footnotes":""},"categories":[1],"tags":[],"_links":{"self":[{"href":"https:\/\/blog.polityka.pl\/adamczewski\/wp-json\/wp\/v2\/posts\/2308"}],"collection":[{"href":"https:\/\/blog.polityka.pl\/adamczewski\/wp-json\/wp\/v2\/posts"}],"about":[{"href":"https:\/\/blog.polityka.pl\/adamczewski\/wp-json\/wp\/v2\/types\/post"}],"author":[{"embeddable":true,"href":"https:\/\/blog.polityka.pl\/adamczewski\/wp-json\/wp\/v2\/users\/2"}],"replies":[{"embeddable":true,"href":"https:\/\/blog.polityka.pl\/adamczewski\/wp-json\/wp\/v2\/comments?post=2308"}],"version-history":[{"count":4,"href":"https:\/\/blog.polityka.pl\/adamczewski\/wp-json\/wp\/v2\/posts\/2308\/revisions"}],"predecessor-version":[{"id":2314,"href":"https:\/\/blog.polityka.pl\/adamczewski\/wp-json\/wp\/v2\/posts\/2308\/revisions\/2314"}],"wp:attachment":[{"href":"https:\/\/blog.polityka.pl\/adamczewski\/wp-json\/wp\/v2\/media?parent=2308"}],"wp:term":[{"taxonomy":"category","embeddable":true,"href":"https:\/\/blog.polityka.pl\/adamczewski\/wp-json\/wp\/v2\/categories?post=2308"},{"taxonomy":"post_tag","embeddable":true,"href":"https:\/\/blog.polityka.pl\/adamczewski\/wp-json\/wp\/v2\/tags?post=2308"}],"curies":[{"name":"wp","href":"https:\/\/api.w.org\/{rel}","templated":true}]}}