
{"id":231,"date":"2007-05-30T07:00:35","date_gmt":"2007-05-30T05:00:35","guid":{"rendered":"http:\/\/adamczewski.blog.polityka.pl\/?p=231"},"modified":"2007-05-30T07:58:16","modified_gmt":"2007-05-30T05:58:16","slug":"zgadnij-co-gotujemy-42","status":"publish","type":"post","link":"https:\/\/blog.polityka.pl\/adamczewski\/2007\/05\/30\/zgadnij-co-gotujemy-42\/","title":{"rendered":"Zgadnij co gotujemy? (42)"},"content":{"rendered":"<p>Niedawno pisa\u0142em o truskawkach. To one otwieraj\u0105 w Polsce przepyszny sezon owocowy. Pojawi\u0142y si\u0119 te\u017c niezwykle dorodne czere\u015bnie. Tyle tylko, \u017ce drogie bo francuskie. Na ma\u0142\u0105 pr\u00f3b\u0119 mo\u017cna sobie raz pozwoli\u0107 ale lepiej (zw\u0142aszcza dla portfela) poczeka\u0107 na nasze rodzime.<\/p>\n<p>Ob\u017carstwo truskawkowe zach\u0119ci\u0142o mnie do dzisiejszego quizu. Oto trzy pytania:<\/p>\n<p>1. Co to takiego jest: <strong>kumkwat<\/strong>?<br \/>\n2. Jakie inne imiona nosi smakowita <strong>persymona<\/strong>?<br \/>\n3. <strong>Owoc<\/strong>, kt\u00f3ry jest symbolem mi\u0142o\u015bci i p\u0142odno\u015bci (jego sok o rubinowej barwie plami niemal do wywabienia)?<\/p>\n<p>Kto pierwszy przy\u015ble prawid\u0142owe odpowiedzi na adres: <a href=\"mailto:internet@polityka.com.pl\">internet@polityka.com.pl<\/a> ten otrzyma ksi\u0105\u017ck\u0119 &#8222;Nowo\u015bci na talerzu&#8221; wydan\u0105 przez Nowy \u015awiat a napisan\u0105 przez Barbar\u0119 Adamczewsk\u0105. Ksi\u0105\u017cka b\u0119dzie opatrzona podpisem autorki (i jej m\u0119\u017ca) oraz dedykacj\u0105 dla zwyci\u0119zcy. No to do komputera marsz!<\/p>\n","protected":false},"excerpt":{"rendered":"<p>Niedawno pisa\u0142em o truskawkach. To one otwieraj\u0105 w Polsce przepyszny sezon owocowy. Pojawi\u0142y si\u0119 te\u017c niezwykle dorodne czere\u015bnie. Tyle tylko, \u017ce drogie bo francuskie. Na ma\u0142\u0105 pr\u00f3b\u0119 mo\u017cna sobie raz pozwoli\u0107 ale lepiej (zw\u0142aszcza dla portfela) poczeka\u0107 na nasze rodzime. Ob\u017carstwo truskawkowe zach\u0119ci\u0142o mnie do dzisiejszego quizu. Oto trzy pytania: 1. Co to takiego jest: [&hellip;]<\/p>\n","protected":false},"author":2,"featured_media":0,"comment_status":"open","ping_status":"open","sticky":false,"template":"","format":"standard","meta":{"footnotes":""},"categories":[1],"tags":[],"_links":{"self":[{"href":"https:\/\/blog.polityka.pl\/adamczewski\/wp-json\/wp\/v2\/posts\/231"}],"collection":[{"href":"https:\/\/blog.polityka.pl\/adamczewski\/wp-json\/wp\/v2\/posts"}],"about":[{"href":"https:\/\/blog.polityka.pl\/adamczewski\/wp-json\/wp\/v2\/types\/post"}],"author":[{"embeddable":true,"href":"https:\/\/blog.polityka.pl\/adamczewski\/wp-json\/wp\/v2\/users\/2"}],"replies":[{"embeddable":true,"href":"https:\/\/blog.polityka.pl\/adamczewski\/wp-json\/wp\/v2\/comments?post=231"}],"version-history":[{"count":0,"href":"https:\/\/blog.polityka.pl\/adamczewski\/wp-json\/wp\/v2\/posts\/231\/revisions"}],"wp:attachment":[{"href":"https:\/\/blog.polityka.pl\/adamczewski\/wp-json\/wp\/v2\/media?parent=231"}],"wp:term":[{"taxonomy":"category","embeddable":true,"href":"https:\/\/blog.polityka.pl\/adamczewski\/wp-json\/wp\/v2\/categories?post=231"},{"taxonomy":"post_tag","embeddable":true,"href":"https:\/\/blog.polityka.pl\/adamczewski\/wp-json\/wp\/v2\/tags?post=231"}],"curies":[{"name":"wp","href":"https:\/\/api.w.org\/{rel}","templated":true}]}}