
{"id":2324,"date":"2011-03-24T08:00:16","date_gmt":"2011-03-24T07:00:16","guid":{"rendered":"http:\/\/adamczewski.blog.polityka.pl\/?p=2324"},"modified":"2011-03-24T08:43:42","modified_gmt":"2011-03-24T07:43:42","slug":"po-spacerze-glod-doskwiera","status":"publish","type":"post","link":"https:\/\/blog.polityka.pl\/adamczewski\/2011\/03\/24\/po-spacerze-glod-doskwiera\/","title":{"rendered":"Po spacerze g\u0142\u00f3d doskwiera"},"content":{"rendered":"<p><a href=\"\/wp-content\/uploads\/2011\/03\/Wiosna-spacer-Basi-nad-Narwi\u0105-P4020005.jpg\"><img loading=\"lazy\" decoding=\"async\" class=\"aligncenter size-medium wp-image-2325\" title=\"OLYMPUS DIGITAL CAMERA\" src=\"\/wp-content\/uploads\/2011\/03\/Wiosna-spacer-Basi-nad-Narwi\u0105-P4020005-300x225.jpg\" alt=\"\" width=\"300\" height=\"225\" srcset=\"\/adamczewski\/wp-content\/uploads\/2011\/03\/Wiosna-spacer-Basi-nad-Narwi\u0105-P4020005-300x225.jpg 300w, \/adamczewski\/wp-content\/uploads\/2011\/03\/Wiosna-spacer-Basi-nad-Narwi\u0105-P4020005.jpg 640w\" sizes=\"(max-width: 300px) 100vw, 300px\" \/><\/a><\/p>\n<p><em>W\u0119dr\u00f3wka po nadnarwia\u0144skim wale<\/em><\/p>\n<p>Spod naszej cha\u0142upki prowadzi pi\u0119kna droga nad Narew. Najpierw przez wie\u015b, po\u015br\u00f3d p\u00f3l, na kt\u00f3rych zieleni si\u0119 ozimina i \u017c\u00f3\u0142c\u0105 uschni\u0119t\u0105 traw\u0105 nieu\u017cytki, potem obok podmok\u0142ych \u0142\u0105k, gdzie zawsze spotyka si\u0119 zaj\u0105ce, czasem kozio\u0142ka, \u017curawie i mo\u017cna obejrze\u0107 \u015bwie\u017ce \u015blady po bobrach obalaj\u0105cych ca\u0142kiem t\u0119gie topole.<br \/>\nZ nadnarwia\u0144skiego wa\u0142u przeciwpowodziowego wida\u0107 przeciwleg\u0142y brzeg, tak\u017ce wyspy g\u0119sto poro\u015bni\u0119te krzewami i wreszcie w oddali pocz\u0105tek Zalewu Zegrzy\u0144skiego. Je\u015bli ma si\u0119 szcz\u0119\u015bliwy dzie\u0144 to i na \u0142osia mo\u017cna trafi\u0107. A to pot\u0119\u017cny s\u0105siad ale niegro\u017any. Sam usuwa si\u0119 z drogi.<br \/>\nPrzy przepompowni ma\u0142y port rybackich \u0142\u00f3dek, w\u015br\u00f3d kt\u00f3rych cumuje i &#8222;Charon&#8221; &#8211; \u0142\u00f3dka\u00a0naszego wnuka. Tu najcz\u0119\u015bciej wida\u0107 te\u017c \u0142ab\u0119dzie.<br \/>\nWsz\u0119dzie pe\u0142no kwitn\u0105cych bazi. Trawa otrz\u0105sa si\u0119 po zimie ale jeszcze nie zachwyca zieleni\u0105. Kwiatk\u00f3w jeszcze brak.<\/p>\n<p><a href=\"\/wp-content\/uploads\/2011\/03\/Jaja-z-kawiorem.jpg\"><img loading=\"lazy\" decoding=\"async\" class=\"aligncenter size-medium wp-image-2326\" title=\"OLYMPUS DIGITAL CAMERA\" src=\"\/wp-content\/uploads\/2011\/03\/Jaja-z-kawiorem-300x225.jpg\" alt=\"\" width=\"300\" height=\"225\" srcset=\"\/adamczewski\/wp-content\/uploads\/2011\/03\/Jaja-z-kawiorem-300x225.jpg 300w, \/adamczewski\/wp-content\/uploads\/2011\/03\/Jaja-z-kawiorem.jpg 640w\" sizes=\"(max-width: 300px) 100vw, 300px\" \/><\/a><br \/>\n<em>Jajka na twardo z kawiorem<\/em><\/p>\n<p>Po zatoczeniu ko\u0142a licz\u0105cego oko\u0142o 6 kilometr\u00f3w zn\u00f3w znajdujemy si\u0119 pod lasem, gdzie w\u015br\u00f3d sosen, brz\u00f3z i paru modrzewi czerwieni si\u0119 dach, pod kt\u00f3rym czeka ju\u017c posi\u0142ek. To jeszcze nie jest obiad ale zaledwie przek\u0105ska odbudowuj\u0105ca si\u0142y stracone na pierwsz\u0105 w tym roku tak d\u0142ug\u0105 w\u0119dr\u00f3wk\u0119.<br \/>\nWiosenny spacer wyczerpuje bardziej ni\u017c znacznie d\u0142u\u017csze letnie piesze wycieczki. Jeszcze nie ta kondycja. Dlatego przek\u0105ska musi by\u0107 po\u017cywna. I chyba jest!<\/p>\n<p><a href=\"\/wp-content\/uploads\/2011\/03\/Pomidory-z-twarogowym-farszem.jpg\"><img loading=\"lazy\" decoding=\"async\" class=\"aligncenter size-medium wp-image-2327\" title=\"OLYMPUS DIGITAL CAMERA\" src=\"\/wp-content\/uploads\/2011\/03\/Pomidory-z-twarogowym-farszem-300x225.jpg\" alt=\"\" width=\"300\" height=\"225\" srcset=\"\/adamczewski\/wp-content\/uploads\/2011\/03\/Pomidory-z-twarogowym-farszem-300x225.jpg 300w, \/adamczewski\/wp-content\/uploads\/2011\/03\/Pomidory-z-twarogowym-farszem.jpg 640w\" sizes=\"(max-width: 300px) 100vw, 300px\" \/><\/a><\/p>\n<p><em>Pomidory z twarogowym farszem<\/em><\/p>\n","protected":false},"excerpt":{"rendered":"<p>W\u0119dr\u00f3wka po nadnarwia\u0144skim wale Spod naszej cha\u0142upki prowadzi pi\u0119kna droga nad Narew. Najpierw przez wie\u015b, po\u015br\u00f3d p\u00f3l, na kt\u00f3rych zieleni si\u0119 ozimina i \u017c\u00f3\u0142c\u0105 uschni\u0119t\u0105 traw\u0105 nieu\u017cytki, potem obok podmok\u0142ych \u0142\u0105k, gdzie zawsze spotyka si\u0119 zaj\u0105ce, czasem kozio\u0142ka, \u017curawie i mo\u017cna obejrze\u0107 \u015bwie\u017ce \u015blady po bobrach obalaj\u0105cych ca\u0142kiem t\u0119gie topole. Z nadnarwia\u0144skiego wa\u0142u przeciwpowodziowego wida\u0107 [&hellip;]<\/p>\n","protected":false},"author":2,"featured_media":0,"comment_status":"open","ping_status":"open","sticky":false,"template":"","format":"standard","meta":{"footnotes":""},"categories":[1],"tags":[],"_links":{"self":[{"href":"https:\/\/blog.polityka.pl\/adamczewski\/wp-json\/wp\/v2\/posts\/2324"}],"collection":[{"href":"https:\/\/blog.polityka.pl\/adamczewski\/wp-json\/wp\/v2\/posts"}],"about":[{"href":"https:\/\/blog.polityka.pl\/adamczewski\/wp-json\/wp\/v2\/types\/post"}],"author":[{"embeddable":true,"href":"https:\/\/blog.polityka.pl\/adamczewski\/wp-json\/wp\/v2\/users\/2"}],"replies":[{"embeddable":true,"href":"https:\/\/blog.polityka.pl\/adamczewski\/wp-json\/wp\/v2\/comments?post=2324"}],"version-history":[{"count":4,"href":"https:\/\/blog.polityka.pl\/adamczewski\/wp-json\/wp\/v2\/posts\/2324\/revisions"}],"predecessor-version":[{"id":2342,"href":"https:\/\/blog.polityka.pl\/adamczewski\/wp-json\/wp\/v2\/posts\/2324\/revisions\/2342"}],"wp:attachment":[{"href":"https:\/\/blog.polityka.pl\/adamczewski\/wp-json\/wp\/v2\/media?parent=2324"}],"wp:term":[{"taxonomy":"category","embeddable":true,"href":"https:\/\/blog.polityka.pl\/adamczewski\/wp-json\/wp\/v2\/categories?post=2324"},{"taxonomy":"post_tag","embeddable":true,"href":"https:\/\/blog.polityka.pl\/adamczewski\/wp-json\/wp\/v2\/tags?post=2324"}],"curies":[{"name":"wp","href":"https:\/\/api.w.org\/{rel}","templated":true}]}}