
{"id":233,"date":"2007-05-30T09:21:50","date_gmt":"2007-05-30T07:21:50","guid":{"rendered":"http:\/\/adamczewski.blog.polityka.pl\/?p=233"},"modified":"2007-07-17T13:56:09","modified_gmt":"2007-07-17T11:56:09","slug":"kulinarny-poradnik-piotra-adamczewskiego-4","status":"publish","type":"post","link":"https:\/\/blog.polityka.pl\/adamczewski\/2007\/05\/30\/kulinarny-poradnik-piotra-adamczewskiego-4\/","title":{"rendered":"Kulinarny poradnik Piotra Adamczewskiego (4)"},"content":{"rendered":"<p>Piotr Adamczewski doradza jak kupowa\u0107 ryby, a na obiad przyrz\u0105dza swoj\u0105 ulubion\u0105 dorad\u0119.<br \/>\n<br \/>\n<object width=\"425\" height=\"350\"><param name=\"movie\" value=\"http:\/\/www.youtube.com\/v\/8exrFoTZud0\"><\/param><param name=\"wmode\" value=\"transparent\"><\/param><embed src=\"http:\/\/www.youtube.com\/v\/8exrFoTZud0\" type=\"application\/x-shockwave-flash\" wmode=\"transparent\" width=\"425\" height=\"350\"><\/embed><\/object><\/p>\n","protected":false},"excerpt":{"rendered":"<p>Piotr Adamczewski doradza jak kupowa\u0107 ryby, a na obiad przyrz\u0105dza swoj\u0105 ulubion\u0105 dorad\u0119.<\/p>\n","protected":false},"author":2,"featured_media":0,"comment_status":"open","ping_status":"open","sticky":false,"template":"","format":"standard","meta":{"footnotes":""},"categories":[1],"tags":[],"_links":{"self":[{"href":"https:\/\/blog.polityka.pl\/adamczewski\/wp-json\/wp\/v2\/posts\/233"}],"collection":[{"href":"https:\/\/blog.polityka.pl\/adamczewski\/wp-json\/wp\/v2\/posts"}],"about":[{"href":"https:\/\/blog.polityka.pl\/adamczewski\/wp-json\/wp\/v2\/types\/post"}],"author":[{"embeddable":true,"href":"https:\/\/blog.polityka.pl\/adamczewski\/wp-json\/wp\/v2\/users\/2"}],"replies":[{"embeddable":true,"href":"https:\/\/blog.polityka.pl\/adamczewski\/wp-json\/wp\/v2\/comments?post=233"}],"version-history":[{"count":0,"href":"https:\/\/blog.polityka.pl\/adamczewski\/wp-json\/wp\/v2\/posts\/233\/revisions"}],"wp:attachment":[{"href":"https:\/\/blog.polityka.pl\/adamczewski\/wp-json\/wp\/v2\/media?parent=233"}],"wp:term":[{"taxonomy":"category","embeddable":true,"href":"https:\/\/blog.polityka.pl\/adamczewski\/wp-json\/wp\/v2\/categories?post=233"},{"taxonomy":"post_tag","embeddable":true,"href":"https:\/\/blog.polityka.pl\/adamczewski\/wp-json\/wp\/v2\/tags?post=233"}],"curies":[{"name":"wp","href":"https:\/\/api.w.org\/{rel}","templated":true}]}}