
{"id":2330,"date":"2009-02-01T20:14:02","date_gmt":"2009-02-01T19:14:02","guid":{"rendered":"http:\/\/adamczewscy.pl\/?p=2330"},"modified":"2009-02-01T20:14:02","modified_gmt":"2009-02-01T19:14:02","slug":"pstragi-po-krakowsku","status":"publish","type":"post","link":"https:\/\/blog.polityka.pl\/adamczewski\/2009\/02\/01\/pstragi-po-krakowsku\/","title":{"rendered":"Pstr\u0105gi po krakowsku"},"content":{"rendered":"<p><em>4 \u015brednie pstr\u0105gi (po jednym na osob\u0119), 2 cytryny, p\u0119czek zielonej pietruszki, 4 z\u0105bki czosnku, 4 \u0142y\u017cki oliwy i 2 \u0142y\u017cki mas\u0142a, s\u00f3l, pieprz, 4 \u0142y\u017ceczki \u015bwie\u017co startego chrzanu.\u00a0<\/em><\/p>\n<p>1. Pstr\u0105gi sprawi\u0107, odci\u0105\u0107 \u0142ebki umy\u0107 i osuszy\u0107 papierow\u0105 \u015bciereczk\u0105.<br \/>\n2. Czosnek rozetrze\u0107 z sol\u0105, posmarowa\u0107 nim dok\u0142adnie pstr\u0105gi, skropi\u0107 obficie sokiem z jednej cytryny, posypa\u0107 ka\u017cd\u0105 tuszk\u0119 pieprzem, do wn\u0119trza w\u0142o\u017cy\u0107 po ga\u0142\u0105zce zielonej pietruszki.<br \/>\n3. Usma\u017cy\u0107 na rozgrzanej z mas\u0142em oliwie.<br \/>\n4. Chrzan zetrze\u0107, pozosta\u0142\u0105 cytryn\u0119 pokroi\u0107 w plasterki. Usma\u017cone pstr\u0105gi ob\u0142o\u017cy\u0107 startym chrzanem i plasterkami cytryny.<\/p>\n<p>Podawa\u0107 z ziemniakami podsma\u017conymi na z\u0142oto w 2 \u0142y\u017ckach oliwy.<\/p>\n","protected":false},"excerpt":{"rendered":"<p>4 \u015brednie pstr\u0105gi (po jednym na osob\u0119), 2 cytryny, p\u0119czek zielonej pietruszki, 4 z\u0105bki czosnku, 4 \u0142y\u017cki oliwy i 2 \u0142y\u017cki mas\u0142a, s\u00f3l, pieprz, 4 \u0142y\u017ceczki \u015bwie\u017co startego chrzanu.\u00a0 1. Pstr\u0105gi sprawi\u0107, odci\u0105\u0107 \u0142ebki umy\u0107 i osuszy\u0107 papierow\u0105 \u015bciereczk\u0105. 2. Czosnek rozetrze\u0107 z sol\u0105, posmarowa\u0107 nim dok\u0142adnie pstr\u0105gi, skropi\u0107 obficie sokiem z jednej cytryny, posypa\u0107 [&hellip;]<\/p>\n","protected":false},"author":2,"featured_media":0,"comment_status":"open","ping_status":"open","sticky":false,"template":"","format":"standard","meta":{"footnotes":""},"categories":[1],"tags":[],"_links":{"self":[{"href":"https:\/\/blog.polityka.pl\/adamczewski\/wp-json\/wp\/v2\/posts\/2330"}],"collection":[{"href":"https:\/\/blog.polityka.pl\/adamczewski\/wp-json\/wp\/v2\/posts"}],"about":[{"href":"https:\/\/blog.polityka.pl\/adamczewski\/wp-json\/wp\/v2\/types\/post"}],"author":[{"embeddable":true,"href":"https:\/\/blog.polityka.pl\/adamczewski\/wp-json\/wp\/v2\/users\/2"}],"replies":[{"embeddable":true,"href":"https:\/\/blog.polityka.pl\/adamczewski\/wp-json\/wp\/v2\/comments?post=2330"}],"version-history":[{"count":0,"href":"https:\/\/blog.polityka.pl\/adamczewski\/wp-json\/wp\/v2\/posts\/2330\/revisions"}],"wp:attachment":[{"href":"https:\/\/blog.polityka.pl\/adamczewski\/wp-json\/wp\/v2\/media?parent=2330"}],"wp:term":[{"taxonomy":"category","embeddable":true,"href":"https:\/\/blog.polityka.pl\/adamczewski\/wp-json\/wp\/v2\/categories?post=2330"},{"taxonomy":"post_tag","embeddable":true,"href":"https:\/\/blog.polityka.pl\/adamczewski\/wp-json\/wp\/v2\/tags?post=2330"}],"curies":[{"name":"wp","href":"https:\/\/api.w.org\/{rel}","templated":true}]}}