
{"id":2377,"date":"2011-04-06T08:00:43","date_gmt":"2011-04-06T06:00:43","guid":{"rendered":"http:\/\/adamczewski.blog.polityka.pl\/?p=2377"},"modified":"2011-04-04T13:24:50","modified_gmt":"2011-04-04T11:24:50","slug":"zgadnij-co-gotujemy-58","status":"publish","type":"post","link":"https:\/\/blog.polityka.pl\/adamczewski\/2011\/04\/06\/zgadnij-co-gotujemy-58\/","title":{"rendered":"Zgadnij co gotujemy?"},"content":{"rendered":"<p>Jeszcze nie przyjecha\u0142a z drukarni nasza nowa ksi\u0105\u017cka zatytu\u0142owana &#8222;Kuchnia w kawalerce i w apartamencie&#8221;, kt\u00f3rej wydawc\u0105 jest Tomasz Raczek i jego zesp\u00f3\u0142 zgromadzony w Instytucie Wydawniczym Latarnik im. Zygmunta Ka\u0142u\u017cy\u0144skiego. Mo\u017ce uda si\u0119 j\u0105 og\u0142osi\u0107 nagrod\u0105 w quizie za dwa tygodnie. Dzisiaj walczycie o ostatni ju\u017c w moim posiadaniu zestaw map turystycznych naszych s\u0105siad\u00f3w i przewodnik po zamkach polskich napisany przez Joann\u0119 i Artura Podg\u00f3rskich\u00a0&#8211; dziennikarzy &#8222;Polityki&#8221;.<\/p>\n<p>Oto dzisiejsza porcja pyta\u0144:<\/p>\n<p>1\u00a0&#8211; Co to s\u0105<strong> <\/strong>ruchanki i sk\u0105d pochodz\u0105 ?<\/p>\n<p>2\u00a0&#8211; A tartianyki z mas\u0142em sk\u0105d pochodz\u0105 i co to takiego?<\/p>\n<p>3\u00a0&#8211; Kotlet mielony z wieprzowiny i \u015bledzia nazywa si\u0119\u00a0&#8230; i pochodzi z kuchni&#8230;\u00a0 ?<\/p>\n<p>Prosz\u0119 szybko \u0142apa\u0107 mysz w r\u0119k\u0119 i wysy\u0142a\u0107 dobre odpowiedzi na adres: <a href=\"mailto:internet@polityka.pl\">internet@polityka.pl<\/a>\u00a0\u00a0 Kto pierwszy ten lepszy i nagroda b\u0119dzie jego.<\/p>\n","protected":false},"excerpt":{"rendered":"<p>Jeszcze nie przyjecha\u0142a z drukarni nasza nowa ksi\u0105\u017cka zatytu\u0142owana &#8222;Kuchnia w kawalerce i w apartamencie&#8221;, kt\u00f3rej wydawc\u0105 jest Tomasz Raczek i jego zesp\u00f3\u0142 zgromadzony w Instytucie Wydawniczym Latarnik im. Zygmunta Ka\u0142u\u017cy\u0144skiego. Mo\u017ce uda si\u0119 j\u0105 og\u0142osi\u0107 nagrod\u0105 w quizie za dwa tygodnie. Dzisiaj walczycie o ostatni ju\u017c w moim posiadaniu zestaw map turystycznych naszych s\u0105siad\u00f3w [&hellip;]<\/p>\n","protected":false},"author":2,"featured_media":0,"comment_status":"open","ping_status":"open","sticky":false,"template":"","format":"standard","meta":{"footnotes":""},"categories":[1],"tags":[],"_links":{"self":[{"href":"https:\/\/blog.polityka.pl\/adamczewski\/wp-json\/wp\/v2\/posts\/2377"}],"collection":[{"href":"https:\/\/blog.polityka.pl\/adamczewski\/wp-json\/wp\/v2\/posts"}],"about":[{"href":"https:\/\/blog.polityka.pl\/adamczewski\/wp-json\/wp\/v2\/types\/post"}],"author":[{"embeddable":true,"href":"https:\/\/blog.polityka.pl\/adamczewski\/wp-json\/wp\/v2\/users\/2"}],"replies":[{"embeddable":true,"href":"https:\/\/blog.polityka.pl\/adamczewski\/wp-json\/wp\/v2\/comments?post=2377"}],"version-history":[{"count":3,"href":"https:\/\/blog.polityka.pl\/adamczewski\/wp-json\/wp\/v2\/posts\/2377\/revisions"}],"predecessor-version":[{"id":2379,"href":"https:\/\/blog.polityka.pl\/adamczewski\/wp-json\/wp\/v2\/posts\/2377\/revisions\/2379"}],"wp:attachment":[{"href":"https:\/\/blog.polityka.pl\/adamczewski\/wp-json\/wp\/v2\/media?parent=2377"}],"wp:term":[{"taxonomy":"category","embeddable":true,"href":"https:\/\/blog.polityka.pl\/adamczewski\/wp-json\/wp\/v2\/categories?post=2377"},{"taxonomy":"post_tag","embeddable":true,"href":"https:\/\/blog.polityka.pl\/adamczewski\/wp-json\/wp\/v2\/tags?post=2377"}],"curies":[{"name":"wp","href":"https:\/\/api.w.org\/{rel}","templated":true}]}}