
{"id":2382,"date":"2011-04-08T08:00:57","date_gmt":"2011-04-08T06:00:57","guid":{"rendered":"http:\/\/adamczewski.blog.polityka.pl\/?p=2382"},"modified":"2011-04-08T08:05:39","modified_gmt":"2011-04-08T06:05:39","slug":"w-szponach-gangu-birkow","status":"publish","type":"post","link":"https:\/\/blog.polityka.pl\/adamczewski\/2011\/04\/08\/w-szponach-gangu-birkow\/","title":{"rendered":"W szponach gangu Birk\u00f3w"},"content":{"rendered":"<p><a href=\"\/wp-content\/uploads\/2011\/04\/Birkowie.jpg\"><img loading=\"lazy\" decoding=\"async\" class=\"aligncenter size-medium wp-image-2386\" title=\"OLYMPUS DIGITAL CAMERA\" src=\"\/wp-content\/uploads\/2011\/04\/Birkowie-225x300.jpg\" alt=\"\" width=\"225\" height=\"300\" \/><\/a>\u00a0<br \/>\nJest ich chyba siedmiu. A mo\u017ce nawet dziesi\u0119ciu. Gdy doliczy si\u0119 do tego \u017cony i niemowl\u0119ta to gang Birk\u00f3w jest pot\u0119g\u0105 wi\u0119ksz\u0105 ni\u017c rodzina Corleone.<br \/>\nWszyscy oni nosz\u0105 jednolite uniformy: bia\u0142e ze z\u0142oconymi lub czerwonymi napisami. Szef czyli Stefan Birek ma wyhaftowany stosowny napis \u015bwiadcz\u0105cy o jego randze i nazw\u0119 kwatery g\u0142\u00f3wnej czyli Hotel Lord.<br \/>\nPozostali Birkowie (te\u017c w bia\u0142ych mundurach i wysokich czapach) porozrzucani s\u0105 po r\u00f3\u017cnych znacz\u0105cych na gastronomicznej mapie Warszawy miejscach.\u00a0 Jak \u0142atwo si\u0119 domy\u015bli\u0107 to kucharze. Wybitni lub ( w przypadku m\u0142odszych) wybijaj\u0105cy si\u0119 kucharze.<\/p>\n<p>Steafn Birek od trzech lat jest g\u0142\u00f3wnym organizatorem Og\u00f3lnopolskiego Konkursu Kulinarnego &#8222;Kuchnia polska wczoraj i dzi\u015b&#8221;. Fina\u0142 imprezy odbywa si\u0119 w czerwcu na zamku w Pu\u0142tusku. W szranki o Puchar &#8222;Z\u0142otej Korony&#8221; staj\u0105 uczniowie licznych szk\u00f3\u0142 gastronomicznych, osobno za\u015b zmagaj\u0105 si\u0119 profesjonalni kucharze, kolejn\u0105 grup\u0119 stanowi\u0105 aktorzy oraz dziennikarze.<\/p>\n<p>Podczas kulinarnej inwazji na Pu\u0142tusk odbywaj\u0105 si\u0119 liczne imprezy jak np. konkurs (oczywi\u015bcie kulinarny) dla motocyklist\u00f3w zrzeszonych w Gold Wing Club of Poland czy turniej dla dzieci w ramach programu &#8222;Kulinarna Edukacji Dzieci i M\u0142odzie\u017cy&#8221;. W tym roku dojdzie jeszcze uroczyste nadanie tytu\u0142u Ambasadora Kuchni Polskiej ludziom w tej dziedzinie wielce zas\u0142u\u017conym. A wszystko to b\u0119dzie mia\u0142o miejsce na pu\u0142tuskim podzamczu i Rynku w dniu\u00a0 4 czerwca.<\/p>\n<p>Tytu\u0142 za\u015b uzasadniony jest faktem, \u017ce Stefan Birek czyli capo di tutti capi zaanga\u017cowa\u0142 nas obydwoje do konkursowego\u00a0 jury. Przyj\u0119li\u015bmy ow\u0105 propozycj\u0119 z przyjemno\u015bci\u0105, bo od lat propagujemy kuchni\u0119 polsk\u0105, zw\u0142aszcza w\u015br\u00f3d m\u0142odzie\u017cy. Mamy nadziej\u0119 granicz\u0105c\u0105 z pewno\u015bci\u0105, \u017ce w Pu\u0142tusku zostan\u0105 odkryte nowe, m\u0142ode, dotychczas nieznane talenty kucharskie. Imprez\u0119 oczywi\u015bcie opiszemy. A obejrze\u0107 j\u0105 b\u0119dzie mo\u017cna w programie telewizyjnym &#8222;Kawa czy herbata&#8221;, gdzie si\u0119gaj\u0105 macki gangu B., co mo\u017cna zobaczy\u0107 rano w TVP1.<\/p>\n","protected":false},"excerpt":{"rendered":"<p>\u00a0 Jest ich chyba siedmiu. A mo\u017ce nawet dziesi\u0119ciu. Gdy doliczy si\u0119 do tego \u017cony i niemowl\u0119ta to gang Birk\u00f3w jest pot\u0119g\u0105 wi\u0119ksz\u0105 ni\u017c rodzina Corleone. Wszyscy oni nosz\u0105 jednolite uniformy: bia\u0142e ze z\u0142oconymi lub czerwonymi napisami. Szef czyli Stefan Birek ma wyhaftowany stosowny napis \u015bwiadcz\u0105cy o jego randze i nazw\u0119 kwatery g\u0142\u00f3wnej czyli Hotel [&hellip;]<\/p>\n","protected":false},"author":2,"featured_media":0,"comment_status":"open","ping_status":"open","sticky":false,"template":"","format":"standard","meta":{"footnotes":""},"categories":[1],"tags":[],"_links":{"self":[{"href":"https:\/\/blog.polityka.pl\/adamczewski\/wp-json\/wp\/v2\/posts\/2382"}],"collection":[{"href":"https:\/\/blog.polityka.pl\/adamczewski\/wp-json\/wp\/v2\/posts"}],"about":[{"href":"https:\/\/blog.polityka.pl\/adamczewski\/wp-json\/wp\/v2\/types\/post"}],"author":[{"embeddable":true,"href":"https:\/\/blog.polityka.pl\/adamczewski\/wp-json\/wp\/v2\/users\/2"}],"replies":[{"embeddable":true,"href":"https:\/\/blog.polityka.pl\/adamczewski\/wp-json\/wp\/v2\/comments?post=2382"}],"version-history":[{"count":5,"href":"https:\/\/blog.polityka.pl\/adamczewski\/wp-json\/wp\/v2\/posts\/2382\/revisions"}],"predecessor-version":[{"id":2389,"href":"https:\/\/blog.polityka.pl\/adamczewski\/wp-json\/wp\/v2\/posts\/2382\/revisions\/2389"}],"wp:attachment":[{"href":"https:\/\/blog.polityka.pl\/adamczewski\/wp-json\/wp\/v2\/media?parent=2382"}],"wp:term":[{"taxonomy":"category","embeddable":true,"href":"https:\/\/blog.polityka.pl\/adamczewski\/wp-json\/wp\/v2\/categories?post=2382"},{"taxonomy":"post_tag","embeddable":true,"href":"https:\/\/blog.polityka.pl\/adamczewski\/wp-json\/wp\/v2\/tags?post=2382"}],"curies":[{"name":"wp","href":"https:\/\/api.w.org\/{rel}","templated":true}]}}