
{"id":2390,"date":"2011-04-11T08:00:04","date_gmt":"2011-04-11T06:00:04","guid":{"rendered":"http:\/\/adamczewski.blog.polityka.pl\/?p=2390"},"modified":"2011-04-11T08:14:50","modified_gmt":"2011-04-11T06:14:50","slug":"choc-zimno-to-przyjemnie","status":"publish","type":"post","link":"https:\/\/blog.polityka.pl\/adamczewski\/2011\/04\/11\/choc-zimno-to-przyjemnie\/","title":{"rendered":"Cho\u0107 zimno to  przyjemnie"},"content":{"rendered":"<p><a href=\"\/wp-content\/uploads\/2011\/04\/\u0141\u0119cino-dzis2.jpg\"><\/a><a href=\"\/wp-content\/uploads\/2011\/04\/\u0141\u0119cino-dzis3.jpg\"><\/a>\u00a0<\/p>\n<p><a href=\"\/wp-content\/uploads\/2011\/04\/Nowa-hydrofornia.jpg\"><\/a><\/p>\n<p>Sp\u0119dzili\u015bmy zimny weekend na wsi. Wia\u0142o ale g\u0142\u00f3w nie urywa\u0142o. Nawet da\u0142o si\u0119 po\u0142azi\u0107 po \u0142\u0105kach (troch\u0119 jeszcze za du\u017co wody wi\u0119c skakali\u015bmy z k\u0119py na k\u0119p\u0119) lecz znacznie przyjemniej by\u0142o w lesie.<\/p>\n<p><img loading=\"lazy\" decoding=\"async\" class=\"aligncenter size-medium wp-image-2391\" title=\"OLYMPUS DIGITAL CAMERA\" src=\"\/wp-content\/uploads\/2011\/04\/Nowa-hydrofornia-300x225.jpg\" alt=\"\" width=\"300\" height=\"225\" srcset=\"\/adamczewski\/wp-content\/uploads\/2011\/04\/Nowa-hydrofornia-300x225.jpg 300w, \/adamczewski\/wp-content\/uploads\/2011\/04\/Nowa-hydrofornia.jpg 640w\" sizes=\"(max-width: 300px) 100vw, 300px\" \/><\/p>\n<p>Zaczynaj\u0105 kwitn\u0105\u0107 forsycje. S\u0105 fio\u0142ki, barwinek i zawilce. Biegaj\u0105 zaj\u0105ce i sarny. Cz\u0119\u015b\u0107 gniazd bocianich te\u017c ju\u017c zagospodarowane. S\u0142owem\u00a0&#8211; wiosna!<br \/>\nDom przygotowany do \u015bwi\u0105t mimo, \u017ce to jeszcze ponad dwa tygodnie. Ale pod\u0142ogi wymiecione, okna pomyte. Sko\u0144czona te\u017c rozbudowa letniej kuchni i hydroforni ( wida\u0107 wy\u017cej). Teraz czekamy tylko na s\u0142o\u0144ce i silne ocieplenie.<\/p>\n<p>Planujemy, \u017ce w tym roku wi\u0119kszo\u015b\u0107 czasy sp\u0119dzimy w\u0142a\u015bnie na wsi. Nowy internet bezprzewodowy dzia\u0142a idealnie, wi\u0119c mo\u017cemy wysy\u0142a\u0107 teksty bez k\u0142opot\u00f3w i rozmawia\u0107 z blogiem a tak\u017ce zarz\u0105dza\u0107 witryn\u0105.<br \/>\nB\u0119dziemy wpada\u0107 do Warszawy, by wysy\u0142a\u0107 nagrody quizowe, nagrywa\u0107 felietony do TOK FM i uczestniczy\u0107 w spotkaniach promuj\u0105cych now\u0105 ksi\u0105\u017ck\u0119. Ju\u017c wiemy, \u017ce na Targach b\u0119dziemy dwa razy\u00a0&#8211; 14 maja i na kolejnych czyli tydzie\u0144 p\u00f3\u017aniej.<\/p>\n<p>I tak mamy zamiar prze\u017cy\u0107 niemal ca\u0142e lato.<\/p>\n<p>W ko\u0144cu sierpnia zn\u00f3w nas rzuca do Norwegii (tym razem Instytut \u017bywienia w Stavanger) a potem na trzy tygodnie\u00a0do Ligurii, z przystankami w Modenie, Albie, Sirmione no i oczywi\u015bcie w naszym ulubionym Poysdorfie ( w celu zrobienia zapas\u00f3w bia\u0142ego wina).<\/p>\n<p>Ale na razie wracamy na Mokot\u00f3w.<\/p>\n","protected":false},"excerpt":{"rendered":"<p>\u00a0 Sp\u0119dzili\u015bmy zimny weekend na wsi. Wia\u0142o ale g\u0142\u00f3w nie urywa\u0142o. Nawet da\u0142o si\u0119 po\u0142azi\u0107 po \u0142\u0105kach (troch\u0119 jeszcze za du\u017co wody wi\u0119c skakali\u015bmy z k\u0119py na k\u0119p\u0119) lecz znacznie przyjemniej by\u0142o w lesie. Zaczynaj\u0105 kwitn\u0105\u0107 forsycje. S\u0105 fio\u0142ki, barwinek i zawilce. Biegaj\u0105 zaj\u0105ce i sarny. Cz\u0119\u015b\u0107 gniazd bocianich te\u017c ju\u017c zagospodarowane. S\u0142owem\u00a0&#8211; wiosna! Dom [&hellip;]<\/p>\n","protected":false},"author":2,"featured_media":0,"comment_status":"open","ping_status":"open","sticky":false,"template":"","format":"standard","meta":{"footnotes":""},"categories":[1],"tags":[],"_links":{"self":[{"href":"https:\/\/blog.polityka.pl\/adamczewski\/wp-json\/wp\/v2\/posts\/2390"}],"collection":[{"href":"https:\/\/blog.polityka.pl\/adamczewski\/wp-json\/wp\/v2\/posts"}],"about":[{"href":"https:\/\/blog.polityka.pl\/adamczewski\/wp-json\/wp\/v2\/types\/post"}],"author":[{"embeddable":true,"href":"https:\/\/blog.polityka.pl\/adamczewski\/wp-json\/wp\/v2\/users\/2"}],"replies":[{"embeddable":true,"href":"https:\/\/blog.polityka.pl\/adamczewski\/wp-json\/wp\/v2\/comments?post=2390"}],"version-history":[{"count":6,"href":"https:\/\/blog.polityka.pl\/adamczewski\/wp-json\/wp\/v2\/posts\/2390\/revisions"}],"predecessor-version":[{"id":2396,"href":"https:\/\/blog.polityka.pl\/adamczewski\/wp-json\/wp\/v2\/posts\/2390\/revisions\/2396"}],"wp:attachment":[{"href":"https:\/\/blog.polityka.pl\/adamczewski\/wp-json\/wp\/v2\/media?parent=2390"}],"wp:term":[{"taxonomy":"category","embeddable":true,"href":"https:\/\/blog.polityka.pl\/adamczewski\/wp-json\/wp\/v2\/categories?post=2390"},{"taxonomy":"post_tag","embeddable":true,"href":"https:\/\/blog.polityka.pl\/adamczewski\/wp-json\/wp\/v2\/tags?post=2390"}],"curies":[{"name":"wp","href":"https:\/\/api.w.org\/{rel}","templated":true}]}}