
{"id":2414,"date":"2011-04-13T08:00:56","date_gmt":"2011-04-13T06:00:56","guid":{"rendered":"http:\/\/adamczewski.blog.polityka.pl\/?p=2414"},"modified":"2011-04-12T08:10:21","modified_gmt":"2011-04-12T06:10:21","slug":"zgadnij-co-gotujemy-59","status":"publish","type":"post","link":"https:\/\/blog.polityka.pl\/adamczewski\/2011\/04\/13\/zgadnij-co-gotujemy-59\/","title":{"rendered":"Zgadnij co gotujemy?"},"content":{"rendered":"<p>\u00a0Dzi\u015b nagrodami w quzie s\u0105 p\u0142yty laureat\u00f3w Paszport\u00f3w Polityki w dw\u00f3ch kategoriach muzyki: pop i tzw. powa\u017cnej. Staram si\u0119 wi\u0119c do nagr\u00f3d dostosowa\u0107 i zagadki.<\/p>\n<p>No to do roboty:<\/p>\n<p>1\u00a0&#8211; Kt\u00f3ry z kompozytor\u00f3w operowych cieszy\u0142 si\u0119 tak\u017ce s\u0142aw\u0105 wybitnego smakosza (jest nawet danie jego imienia)?<\/p>\n<p>2\u00a0&#8211; Polski pianista ( mistrzowsko graj\u0105cy utwory Chopina) s\u0142yn\u0105\u0142 tak\u017ce z \u0142asuchostwa i by\u0142 got\u00f3w nawet skr\u00f3ci\u0107 koncert, by zd\u0105\u017cy\u0107 na proszon\u0105 kolacj\u0119 w najwytworniejszym towarzystwie; o kim mowa ?<\/p>\n<p>3\u00a0&#8211; Jeden z trzech najs\u0142ynniejszych tenor\u00f3w wyda\u0142 tak\u017ce g\u0142o\u015bn\u0105 ksi\u0105\u017ck\u0119 kucharsk\u0105 (jest polskie t\u0142umaczenie); o kt\u00f3rym z tej tr\u00f3jki mowa?<\/p>\n<p>I teraz p\u0119dem do komputera. Oto adres: <a href=\"mailto:internet@polityka.com.pl\">internet@polityka.com.pl<\/a><br \/>\nA ja czekam ju\u017c nagrodami.<\/p>\n","protected":false},"excerpt":{"rendered":"<p>\u00a0Dzi\u015b nagrodami w quzie s\u0105 p\u0142yty laureat\u00f3w Paszport\u00f3w Polityki w dw\u00f3ch kategoriach muzyki: pop i tzw. powa\u017cnej. Staram si\u0119 wi\u0119c do nagr\u00f3d dostosowa\u0107 i zagadki. No to do roboty: 1\u00a0&#8211; Kt\u00f3ry z kompozytor\u00f3w operowych cieszy\u0142 si\u0119 tak\u017ce s\u0142aw\u0105 wybitnego smakosza (jest nawet danie jego imienia)? 2\u00a0&#8211; Polski pianista ( mistrzowsko graj\u0105cy utwory Chopina) s\u0142yn\u0105\u0142 tak\u017ce [&hellip;]<\/p>\n","protected":false},"author":2,"featured_media":0,"comment_status":"open","ping_status":"open","sticky":false,"template":"","format":"standard","meta":{"footnotes":""},"categories":[1],"tags":[],"_links":{"self":[{"href":"https:\/\/blog.polityka.pl\/adamczewski\/wp-json\/wp\/v2\/posts\/2414"}],"collection":[{"href":"https:\/\/blog.polityka.pl\/adamczewski\/wp-json\/wp\/v2\/posts"}],"about":[{"href":"https:\/\/blog.polityka.pl\/adamczewski\/wp-json\/wp\/v2\/types\/post"}],"author":[{"embeddable":true,"href":"https:\/\/blog.polityka.pl\/adamczewski\/wp-json\/wp\/v2\/users\/2"}],"replies":[{"embeddable":true,"href":"https:\/\/blog.polityka.pl\/adamczewski\/wp-json\/wp\/v2\/comments?post=2414"}],"version-history":[{"count":2,"href":"https:\/\/blog.polityka.pl\/adamczewski\/wp-json\/wp\/v2\/posts\/2414\/revisions"}],"predecessor-version":[{"id":2425,"href":"https:\/\/blog.polityka.pl\/adamczewski\/wp-json\/wp\/v2\/posts\/2414\/revisions\/2425"}],"wp:attachment":[{"href":"https:\/\/blog.polityka.pl\/adamczewski\/wp-json\/wp\/v2\/media?parent=2414"}],"wp:term":[{"taxonomy":"category","embeddable":true,"href":"https:\/\/blog.polityka.pl\/adamczewski\/wp-json\/wp\/v2\/categories?post=2414"},{"taxonomy":"post_tag","embeddable":true,"href":"https:\/\/blog.polityka.pl\/adamczewski\/wp-json\/wp\/v2\/tags?post=2414"}],"curies":[{"name":"wp","href":"https:\/\/api.w.org\/{rel}","templated":true}]}}