
{"id":243,"date":"2007-06-14T08:00:44","date_gmt":"2007-06-14T06:00:44","guid":{"rendered":"http:\/\/adamczewski.blog.polityka.pl\/?p=243"},"modified":"2007-06-14T08:43:27","modified_gmt":"2007-06-14T06:43:27","slug":"zgadnij-co-gotujemy44","status":"publish","type":"post","link":"https:\/\/blog.polityka.pl\/adamczewski\/2007\/06\/14\/zgadnij-co-gotujemy44\/","title":{"rendered":"Zgadnij co gotujemy?(44)"},"content":{"rendered":"<p>Jeszcze par\u0119 tygodni i stuknie nam pierwszy pi\u0119kny jubileusz. Tymczasem dzi\u015b mamy czterdziest\u0105 czwart\u0105 edycj\u0119 blogowych zgadywanek kulinarnych. Czterdzie\u015bci i cztery to magiczna liczba. Mami\u0142 nas ni\u0105 Wieszcz Adam. A ulubionym kuchmistrzem Mickiewicza by\u0142 &#8211; jak wiecie bez w\u0105tpienia, bo marudzi\u0142em na ten temat par\u0119 razy &#8211; Wojciech Wiel\u0105dko. Si\u0119gnijmy wi\u0119c do jego dorobku.<br \/>\nTo by\u0142a podpowied\u017a. A teraz pytania konkursowe:<br \/>\n1. Z jakiej wody poleca\u0142 gotowa\u0107 ros\u00f3\u0142 autor &#8222;Kucharza doskona\u0142ego&#8221;?<br \/>\n2. Co to za danie polecane przez Wiel\u0105dk\u0119: &#8222;Skoppowina z agrestem&#8221;?<br \/>\n3. Wojciech Wiel\u0105dko proponowa\u0142 w swej s\u0142ynnej ksi\u0105\u017cce niezwykle oryginalny przepis na jajecznic\u0119, sok z jakich egzotycznych owoc\u00f3w nakazywa\u0142 doda\u0107 do rozbe\u0142tanych jajek?<\/p>\n<p>Kto pierwszy przy\u015ble na adres <a href=\"mailto:internet@polityka.com.pl\">internet@polityka.com.pl<\/a> trzy prawid\u0142owe odpowiedzi otrzyma moj\u0105 &#8222;Krwaw\u0105 histori\u0119 smaku&#8221; wydana przez Nowy \u015awiat, z autografem i serdeczn\u0105 dedykacj\u0105.<br \/>\nCzekam wi\u0119c na listy.<\/p>\n","protected":false},"excerpt":{"rendered":"<p>Jeszcze par\u0119 tygodni i stuknie nam pierwszy pi\u0119kny jubileusz. Tymczasem dzi\u015b mamy czterdziest\u0105 czwart\u0105 edycj\u0119 blogowych zgadywanek kulinarnych. Czterdzie\u015bci i cztery to magiczna liczba. Mami\u0142 nas ni\u0105 Wieszcz Adam. A ulubionym kuchmistrzem Mickiewicza by\u0142 &#8211; jak wiecie bez w\u0105tpienia, bo marudzi\u0142em na ten temat par\u0119 razy &#8211; Wojciech Wiel\u0105dko. Si\u0119gnijmy wi\u0119c do jego dorobku. To [&hellip;]<\/p>\n","protected":false},"author":2,"featured_media":0,"comment_status":"open","ping_status":"open","sticky":false,"template":"","format":"standard","meta":{"footnotes":""},"categories":[1],"tags":[],"_links":{"self":[{"href":"https:\/\/blog.polityka.pl\/adamczewski\/wp-json\/wp\/v2\/posts\/243"}],"collection":[{"href":"https:\/\/blog.polityka.pl\/adamczewski\/wp-json\/wp\/v2\/posts"}],"about":[{"href":"https:\/\/blog.polityka.pl\/adamczewski\/wp-json\/wp\/v2\/types\/post"}],"author":[{"embeddable":true,"href":"https:\/\/blog.polityka.pl\/adamczewski\/wp-json\/wp\/v2\/users\/2"}],"replies":[{"embeddable":true,"href":"https:\/\/blog.polityka.pl\/adamczewski\/wp-json\/wp\/v2\/comments?post=243"}],"version-history":[{"count":0,"href":"https:\/\/blog.polityka.pl\/adamczewski\/wp-json\/wp\/v2\/posts\/243\/revisions"}],"wp:attachment":[{"href":"https:\/\/blog.polityka.pl\/adamczewski\/wp-json\/wp\/v2\/media?parent=243"}],"wp:term":[{"taxonomy":"category","embeddable":true,"href":"https:\/\/blog.polityka.pl\/adamczewski\/wp-json\/wp\/v2\/categories?post=243"},{"taxonomy":"post_tag","embeddable":true,"href":"https:\/\/blog.polityka.pl\/adamczewski\/wp-json\/wp\/v2\/tags?post=243"}],"curies":[{"name":"wp","href":"https:\/\/api.w.org\/{rel}","templated":true}]}}