
{"id":2435,"date":"2011-04-18T08:00:13","date_gmt":"2011-04-18T06:00:13","guid":{"rendered":"http:\/\/adamczewski.blog.polityka.pl\/?p=2435"},"modified":"2011-04-13T09:54:33","modified_gmt":"2011-04-13T07:54:33","slug":"ludwik-stomma-czyli-zawsze-pod-prad","status":"publish","type":"post","link":"https:\/\/blog.polityka.pl\/adamczewski\/2011\/04\/18\/ludwik-stomma-czyli-zawsze-pod-prad\/","title":{"rendered":"Ludwik Stomma czyli zawsze pod pr\u0105d"},"content":{"rendered":"<p><a href=\"\/wp-content\/uploads\/2011\/04\/Stomma.jpg\"><img loading=\"lazy\" decoding=\"async\" class=\"aligncenter size-medium wp-image-2436\" title=\"OLYMPUS DIGITAL CAMERA\" src=\"\/wp-content\/uploads\/2011\/04\/Stomma-225x300.jpg\" alt=\"\" width=\"225\" height=\"300\" srcset=\"\/adamczewski\/wp-content\/uploads\/2011\/04\/Stomma-225x300.jpg 225w, \/adamczewski\/wp-content\/uploads\/2011\/04\/Stomma.jpg 360w\" sizes=\"(max-width: 225px) 100vw, 225px\" \/><\/a><\/p>\n<p>By\u0142em na spotkaniu mi\u0142o\u015bnik\u00f3w historii, cho\u0107 lepiej by by\u0142o powiedzie\u0107 mi\u0142o\u015bniczek profesora Ludwika Stommy. Na sali bowiem by\u0142o mn\u00f3stwo studentek z kilku uniwersytet\u00f3w z r\u00f3\u017cnych miast oraz pa\u0144 (czytaj\u00a0&#8211; wielbicielek) talentu uczonego, kt\u00f3ry przewy\u017csza wpraw\u0105 pisarska niejednego, pierwszorz\u0119dnego literata.<\/p>\n<p>Spotkanie mia\u0142o miejsce w pi\u0119knym budynku, kt\u00f3ry wyj\u0105tkowo pasowa\u0142 do tematu imprezy. Dawny Pa\u0142ac Radziwi\u0142\u0142\u00f3w le\u017c\u0105cy przy dzisiejszej Alei Solidarno\u015bci (wcze\u015bniej \u015awierczewskiego) by\u0142 w czasach PRL Muzeum Lenina, by dzi\u015b przekszta\u0142ci\u0107 si\u0119 w Muzeum Niepodleg\u0142o\u015bci.<\/p>\n<p>Impreza zorganizowana przez Wydawnictwo Iskry by\u0142a promocj\u0105 nowej ksi\u0105\u017cki Ludwika Stommy zatytu\u0142owanej &#8222;Historie przecenione&#8221;. W dziele tym autor omawia dziesi\u0119\u0107 g\u0142o\u015bnych zdarze\u0144 historycznych z r\u00f3\u017cnych epok\u00a0&#8211; od staro\u017cytno\u015bci po czasy wsp\u00f3\u0142czesne &#8211;\u00a0 uznawanych przez historyk\u00f3w i czytaj\u0105c\u0105 publiczno\u015b\u0107 za kamienie milowe w dziejach ludzko\u015bci. Od lat uczy si\u0119 dzieci, m\u0142odzie\u017c i doros\u0142ych, \u017ce dzi\u0119ki tym wydarzeniom \u015bwiat zmieni\u0142 si\u0119 cywilizacyjnie a historia potoczy\u0142a si\u0119 nowym korytem. Tymczasem Ludwik Stomma, kt\u00f3ry od lat uwielbia p\u0142ywa\u0107 pod pr\u0105d, demistyfikuje owe wyobra\u017cenia i niepodwa\u017calne wydawa\u0142oby si\u0119 tezy. W dodatku jasno to udowadnia; np. bitw\u0119 pod Maratonem sprowadza do ma\u0142o wa\u017cnej potyczki mi\u0119dzy Persami a Grekami i twierdzi, i\u017c jej jedynym licz\u0105cym si\u0119 do dzi\u015b rezultatem jest konkurencja olimpijska wyczerpuj\u0105ca biegaczy do granic mo\u017cliwo\u015bci. Bitwa pod Waterloo to zdaniem autora sukces propagandowy Anglik\u00f3w nad znacznie wcze\u015bniej rozgromionym cesarzem Francuz\u00f3w, a bitwa pod Stalingradem to te\u017c czysta propaganda, bo Wehrmacht wykrwawi\u0142 si\u0119 znacznie wcze\u015bniej i wiadomo by\u0142o, \u017ce koniec armii Hitlera jest bliski.<\/p>\n<p>Podobnie potraktowane zosta\u0142y i inne bitwy (np. Verdun) i wielcy bohaterowie (Czyngis chan, Atylla czy Wercyngetoryks). Przy okazji zdumiony polski czytelnik poznaje prawdziw\u0105 periodyzacj\u0119 dziej\u00f3w dowiaduj\u0105c si\u0119, \u017ce \u015aredniowiecze zaczyna si\u0119 nie w momencie pojawienia si\u0119 Mieszka I lecz pi\u0119\u0107set lat wcze\u015bniej.<\/p>\n<p>Podczas spotkania, w trakcie rozmowy z publiczno\u015bci\u0105, Ludwik Stomma ujawni\u0142, \u017ce wkr\u00f3tce uka\u017ce si\u0119 druga cz\u0119\u015b\u0107 ksi\u0105\u017cki zatytu\u0142owana &#8222;Historie\u00a0 niedocenione&#8221;, w kt\u00f3rej postara si\u0119 przypomnie\u0107 wydarzenia zapomniane i udowodni\u0107, \u017ce nie zas\u0142uguj\u0105 one na taki los. Z niecierpliwo\u015bci\u0105 czekam na to wydarzenie. Ksi\u0105\u017cki Stommy bowiem zmuszaj\u0105c czytelnika do zrewidowania pogl\u0105d\u00f3w s\u0105 lektur\u0105 odpr\u0119\u017caj\u0105c\u0105 i radosn\u0105. \u015awiadczy\u0142y o tym wybuchy homeryckiego \u015bmiechu podczas s\u0142uchania Krzysztofa Goszty\u0142y czytaj\u0105cego uczestnikom spotkania rozdzia\u0142 o Maratonie.<\/p>\n<p>Na koniec dodam wa\u017cn\u0105 informacj\u0119: kupi\u0142em a\u017c dwa egzemplarze ksi\u0105\u017cki i wymusi\u0142em na autorze dwie dedykacje\u00a0&#8211; jedn\u0105 dla siebie a drug\u0105 dla zwyci\u0119zcy kolejnego quizu blogowego.<\/p>\n","protected":false},"excerpt":{"rendered":"<p>By\u0142em na spotkaniu mi\u0142o\u015bnik\u00f3w historii, cho\u0107 lepiej by by\u0142o powiedzie\u0107 mi\u0142o\u015bniczek profesora Ludwika Stommy. Na sali bowiem by\u0142o mn\u00f3stwo studentek z kilku uniwersytet\u00f3w z r\u00f3\u017cnych miast oraz pa\u0144 (czytaj\u00a0&#8211; wielbicielek) talentu uczonego, kt\u00f3ry przewy\u017csza wpraw\u0105 pisarska niejednego, pierwszorz\u0119dnego literata. Spotkanie mia\u0142o miejsce w pi\u0119knym budynku, kt\u00f3ry wyj\u0105tkowo pasowa\u0142 do tematu imprezy. Dawny Pa\u0142ac Radziwi\u0142\u0142\u00f3w le\u017c\u0105cy [&hellip;]<\/p>\n","protected":false},"author":2,"featured_media":0,"comment_status":"open","ping_status":"open","sticky":false,"template":"","format":"standard","meta":{"footnotes":""},"categories":[1],"tags":[],"_links":{"self":[{"href":"https:\/\/blog.polityka.pl\/adamczewski\/wp-json\/wp\/v2\/posts\/2435"}],"collection":[{"href":"https:\/\/blog.polityka.pl\/adamczewski\/wp-json\/wp\/v2\/posts"}],"about":[{"href":"https:\/\/blog.polityka.pl\/adamczewski\/wp-json\/wp\/v2\/types\/post"}],"author":[{"embeddable":true,"href":"https:\/\/blog.polityka.pl\/adamczewski\/wp-json\/wp\/v2\/users\/2"}],"replies":[{"embeddable":true,"href":"https:\/\/blog.polityka.pl\/adamczewski\/wp-json\/wp\/v2\/comments?post=2435"}],"version-history":[{"count":3,"href":"https:\/\/blog.polityka.pl\/adamczewski\/wp-json\/wp\/v2\/posts\/2435\/revisions"}],"predecessor-version":[{"id":2438,"href":"https:\/\/blog.polityka.pl\/adamczewski\/wp-json\/wp\/v2\/posts\/2435\/revisions\/2438"}],"wp:attachment":[{"href":"https:\/\/blog.polityka.pl\/adamczewski\/wp-json\/wp\/v2\/media?parent=2435"}],"wp:term":[{"taxonomy":"category","embeddable":true,"href":"https:\/\/blog.polityka.pl\/adamczewski\/wp-json\/wp\/v2\/categories?post=2435"},{"taxonomy":"post_tag","embeddable":true,"href":"https:\/\/blog.polityka.pl\/adamczewski\/wp-json\/wp\/v2\/tags?post=2435"}],"curies":[{"name":"wp","href":"https:\/\/api.w.org\/{rel}","templated":true}]}}