
{"id":246,"date":"2007-06-13T12:39:49","date_gmt":"2007-06-13T10:39:49","guid":{"rendered":"http:\/\/adamczewski.blog.polityka.pl\/?p=246"},"modified":"2007-07-17T13:55:51","modified_gmt":"2007-07-17T11:55:51","slug":"piotr-adamczewski-zaprasza-do-restauracji-absynt-video","status":"publish","type":"post","link":"https:\/\/blog.polityka.pl\/adamczewski\/2007\/06\/13\/piotr-adamczewski-zaprasza-do-restauracji-absynt-video\/","title":{"rendered":"Piotr Adamczewski zaprasza do restauracji Absynt (video)"},"content":{"rendered":"<p>W tym odcinku go\u015bcimy w warszawskiej restauracji &#8222;Absynt&#8221;, kt\u00f3ra serwuje kuchni\u0119 francusk\u0105.<br \/>\nPiotr Adamczewski rozmawia z w\u0142a\u015bcicielk\u0105 Agnieszk\u0105 Kr\u0119glick\u0105 oraz szefow\u0105 kuchni Agat\u0105 Wojd\u0105. Obie panie dziel\u0105 si\u0119 z nami swoimi przepisami na proste ale smaczne dania francuskie.<br \/>\n<br \/>\n<object width=\"425\" height=\"350\"><param name=\"movie\" value=\"http:\/\/www.youtube.com\/v\/TR0hwqwCqmw\"><\/param><param name=\"wmode\" value=\"transparent\"><\/param><embed src=\"http:\/\/www.youtube.com\/v\/TR0hwqwCqmw\" type=\"application\/x-shockwave-flash\" wmode=\"transparent\" width=\"425\" height=\"350\"><\/embed><\/object><\/p>\n","protected":false},"excerpt":{"rendered":"<p>W tym odcinku go\u015bcimy w warszawskiej restauracji &#8222;Absynt&#8221;, kt\u00f3ra serwuje kuchni\u0119 francusk\u0105. Piotr Adamczewski rozmawia z w\u0142a\u015bcicielk\u0105 Agnieszk\u0105 Kr\u0119glick\u0105 oraz szefow\u0105 kuchni Agat\u0105 Wojd\u0105. Obie panie dziel\u0105 si\u0119 z nami swoimi przepisami na proste ale smaczne dania francuskie.<\/p>\n","protected":false},"author":2,"featured_media":0,"comment_status":"open","ping_status":"open","sticky":false,"template":"","format":"standard","meta":{"footnotes":""},"categories":[1],"tags":[],"_links":{"self":[{"href":"https:\/\/blog.polityka.pl\/adamczewski\/wp-json\/wp\/v2\/posts\/246"}],"collection":[{"href":"https:\/\/blog.polityka.pl\/adamczewski\/wp-json\/wp\/v2\/posts"}],"about":[{"href":"https:\/\/blog.polityka.pl\/adamczewski\/wp-json\/wp\/v2\/types\/post"}],"author":[{"embeddable":true,"href":"https:\/\/blog.polityka.pl\/adamczewski\/wp-json\/wp\/v2\/users\/2"}],"replies":[{"embeddable":true,"href":"https:\/\/blog.polityka.pl\/adamczewski\/wp-json\/wp\/v2\/comments?post=246"}],"version-history":[{"count":0,"href":"https:\/\/blog.polityka.pl\/adamczewski\/wp-json\/wp\/v2\/posts\/246\/revisions"}],"wp:attachment":[{"href":"https:\/\/blog.polityka.pl\/adamczewski\/wp-json\/wp\/v2\/media?parent=246"}],"wp:term":[{"taxonomy":"category","embeddable":true,"href":"https:\/\/blog.polityka.pl\/adamczewski\/wp-json\/wp\/v2\/categories?post=246"},{"taxonomy":"post_tag","embeddable":true,"href":"https:\/\/blog.polityka.pl\/adamczewski\/wp-json\/wp\/v2\/tags?post=246"}],"curies":[{"name":"wp","href":"https:\/\/api.w.org\/{rel}","templated":true}]}}