
{"id":2470,"date":"2011-04-27T08:00:23","date_gmt":"2011-04-27T06:00:23","guid":{"rendered":"http:\/\/adamczewski.blog.polityka.pl\/?p=2470"},"modified":"2011-11-30T15:19:07","modified_gmt":"2011-11-30T14:19:07","slug":"zgadnij-co-gotujemy-62","status":"publish","type":"post","link":"https:\/\/blog.polityka.pl\/adamczewski\/2011\/04\/27\/zgadnij-co-gotujemy-62\/","title":{"rendered":"Zgadnij co gotujemy?"},"content":{"rendered":"<p><strong> <\/strong><\/p>\n<p>Ju\u017c po \u015bwi\u0119tach. Pogoda dopisa\u0142a i dalej si\u0119 utrzymuje s\u0142o\u0144ce. Kwitn\u0105 r\u00f3\u017cne kwiatki a ptaszyska krzycz\u0105 niesamowicie. Zw\u0142aszcza \u017curawie, cho\u0107 konkuruj\u0105 z nimi derkacze, kt\u00f3rych te\u017c przyby\u0142o.<\/p>\n<p>Przyby\u0142o te\u017c szk\u00f3d po bobrach. Wa\u0142 narwia\u0144ski przekopa\u0142y w kilku miejscach na wylot. I teraz ludzie \u0142ataj\u0105 te dziury zak\u0142adaj\u0105c siatki druciane i sypi\u0105c piach. S\u0142owem ruch na wsi jak nigdy.<\/p>\n<p>Dla odpr\u0119\u017cenia wi\u0119c chwila zabawy.<\/p>\n<p>1 &#8211;\u00a0 Dlaczego bobry (mimo, \u017ce ssaki czyli mi\u0119so) mo\u017cna by\u0142o jada\u0107 podczas okres\u00f3w postu?<\/p>\n<p>2\u00a0&#8211; \u0141ab\u0119dzie tak\u017ce przed laty by\u0142y ptakami na kt\u00f3re polowano i jadano z nich pieczyste ale czy ka\u017cdy m\u00f3g\u0142 delektowa\u0107 si\u0119 tym przysmakiem?<\/p>\n<p>3\u00a0&#8211; Najmniejsze polskie ptaki, na kt\u00f3re polowano i jadano to &#8230; ?<\/p>\n<p>I ju\u017c wszystko jasne. Czekam wi\u0119c na odpowiedzi pod adresem <a href=\"mailto:internet@polityka.com.pl\">internet@polityka.com.pl<\/a><\/p>\n<p>A nagrod\u0105\u00a0 s\u0105 dwie p\u0142yty nagrane przez laureat\u00f3w &#8222;Paszport\u00f3w Polityki&#8221; i jedna z ksi\u0105\u017cek wydanych przez redakcj\u0119.<\/p>\n","protected":false},"excerpt":{"rendered":"<p>Ju\u017c po \u015bwi\u0119tach. Pogoda dopisa\u0142a i dalej si\u0119 utrzymuje s\u0142o\u0144ce. Kwitn\u0105 r\u00f3\u017cne kwiatki a ptaszyska krzycz\u0105 niesamowicie. Zw\u0142aszcza \u017curawie, cho\u0107 konkuruj\u0105 z nimi derkacze, kt\u00f3rych te\u017c przyby\u0142o. Przyby\u0142o te\u017c szk\u00f3d po bobrach. Wa\u0142 narwia\u0144ski przekopa\u0142y w kilku miejscach na wylot. I teraz ludzie \u0142ataj\u0105 te dziury zak\u0142adaj\u0105c siatki druciane i sypi\u0105c piach. S\u0142owem ruch na [&hellip;]<\/p>\n","protected":false},"author":2,"featured_media":0,"comment_status":"open","ping_status":"open","sticky":false,"template":"","format":"standard","meta":{"footnotes":""},"categories":[1],"tags":[],"_links":{"self":[{"href":"https:\/\/blog.polityka.pl\/adamczewski\/wp-json\/wp\/v2\/posts\/2470"}],"collection":[{"href":"https:\/\/blog.polityka.pl\/adamczewski\/wp-json\/wp\/v2\/posts"}],"about":[{"href":"https:\/\/blog.polityka.pl\/adamczewski\/wp-json\/wp\/v2\/types\/post"}],"author":[{"embeddable":true,"href":"https:\/\/blog.polityka.pl\/adamczewski\/wp-json\/wp\/v2\/users\/2"}],"replies":[{"embeddable":true,"href":"https:\/\/blog.polityka.pl\/adamczewski\/wp-json\/wp\/v2\/comments?post=2470"}],"version-history":[{"count":4,"href":"https:\/\/blog.polityka.pl\/adamczewski\/wp-json\/wp\/v2\/posts\/2470\/revisions"}],"predecessor-version":[{"id":3540,"href":"https:\/\/blog.polityka.pl\/adamczewski\/wp-json\/wp\/v2\/posts\/2470\/revisions\/3540"}],"wp:attachment":[{"href":"https:\/\/blog.polityka.pl\/adamczewski\/wp-json\/wp\/v2\/media?parent=2470"}],"wp:term":[{"taxonomy":"category","embeddable":true,"href":"https:\/\/blog.polityka.pl\/adamczewski\/wp-json\/wp\/v2\/categories?post=2470"},{"taxonomy":"post_tag","embeddable":true,"href":"https:\/\/blog.polityka.pl\/adamczewski\/wp-json\/wp\/v2\/tags?post=2470"}],"curies":[{"name":"wp","href":"https:\/\/api.w.org\/{rel}","templated":true}]}}