
{"id":2472,"date":"2011-04-28T08:00:34","date_gmt":"2011-04-28T06:00:34","guid":{"rendered":"http:\/\/adamczewski.blog.polityka.pl\/?p=2472"},"modified":"2011-04-26T16:11:06","modified_gmt":"2011-04-26T14:11:06","slug":"moj-nowy-sasiad-nazywa-sie-emir","status":"publish","type":"post","link":"https:\/\/blog.polityka.pl\/adamczewski\/2011\/04\/28\/moj-nowy-sasiad-nazywa-sie-emir\/","title":{"rendered":"M\u00f3j nowy s\u0105siad nazywa si\u0119 Emir"},"content":{"rendered":"<p><strong><a href=\"\/wp-content\/uploads\/2011\/04\/Emir.jpg\"><img loading=\"lazy\" decoding=\"async\" class=\"aligncenter size-medium wp-image-2474\" title=\"OLYMPUS DIGITAL CAMERA\" src=\"\/wp-content\/uploads\/2011\/04\/Emir-300x225.jpg\" alt=\"\" width=\"300\" height=\"225\" srcset=\"\/adamczewski\/wp-content\/uploads\/2011\/04\/Emir-300x225.jpg 300w, \/adamczewski\/wp-content\/uploads\/2011\/04\/Emir.jpg 640w\" sizes=\"(max-width: 300px) 100vw, 300px\" \/><\/a><\/strong><\/p>\n<p>W\u0142a\u015bnie go podziwiacie. Emir zast\u0105pi\u0142 Gazd\u0119, kt\u00f3ry zosta\u0142 sprzedany i wyjecha\u0142 gdzie\u015b dalej w Polsk\u0119. Tu w mojej gminie mia\u0142 ju\u017c mn\u00f3stwo potomstwa i chyba dochodzi\u0142o do jaki\u015b niedozwolonych kontakt\u00f3w z w\u0142asnymi c\u00f3rkami wi\u0119c\u00a0 gniadego Gazd\u0119 zast\u0105pi\u0142 kary Emir. Jest troch\u0119 wi\u0119kszy no i oczywi\u015bcie m\u0142odszy. Cieszy si\u0119 te\u017c w okolicznych wsiach wielkim powodzeniem. My\u015bl\u0119, \u017ce jego urod\u0119 najlepiej mo\u017ce oceni\u0107 \u017baba.<\/p>\n<p><img loading=\"lazy\" decoding=\"async\" class=\"aligncenter size-medium wp-image-2473\" title=\"OLYMPUS DIGITAL CAMERA\" src=\"\/wp-content\/uploads\/2011\/04\/Ogier-Emir-i-Tadeusz-300x225.jpg\" alt=\"\" width=\"300\" height=\"225\" srcset=\"\/adamczewski\/wp-content\/uploads\/2011\/04\/Ogier-Emir-i-Tadeusz-300x225.jpg 300w, \/adamczewski\/wp-content\/uploads\/2011\/04\/Ogier-Emir-i-Tadeusz.jpg 640w\" sizes=\"(max-width: 300px) 100vw, 300px\" \/><\/p>\n<p><em>Emir i jego w\u0142a\u015bciciel Tadeusz Nowosielski<\/em><\/p>\n<p>Przyby\u0142o te\u017c u s\u0105siada kilka ciel\u0105t. Powi\u0119ksz\u0105 stado mlecznych kr\u00f3w. Wspania\u0142e nadnarwia\u0144skie \u0142\u0105ki wymuszaj\u0105 ten kierunek gospodarowania. Ziemie tu kiepskie, bo piaszczyste a \u0142\u0105ki wspania\u0142e. Mleko jest t\u0142uste a krowy bardzo mleczne.<\/p>\n<p>Na naszej ziemi te\u017c nic poza lasem nie chce rosn\u0105\u0107. Ciesz\u0119 si\u0119 wi\u0119c, \u017ce podarowana buczyna daje sobie rad\u0119 i ju\u017c pewnie prawnuki b\u0119d\u0105 zajada\u0107 si\u0119 wspania\u0142ymi orzeszkami buczynowymi. Ja je uwielbia\u0142em a zbiera\u0142 we wczesnym dzieci\u0144stwie w bukowych lasach Ja\u015bkowej Doliny ci\u0105gn\u0105cej si\u0119 od Wrzeszcza a\u017c pod Gdyni\u0119.<\/p>\n<p>Trawnik, mimo stara\u0144 i piel\u0119gnacji, nie uda\u0142 si\u0119. Jest rachityczny. Damy wi\u0119c spok\u00f3j z robieniem konkurencji kr\u00f3lewskim trawnikom w Pa\u0142acu Buckingham. Nawet w parku Pa\u0142acu Radziwi\u0142\u0142\u00f3w w pobliskich Zatorach jest bujniejsza trawa. Tyle tylko, \u017ce w Londynie trawniki strzyg\u0105 ponad sze\u015b\u0107set lat, w Zatorach ponad 300 a my troch\u0119 ponad trzydzie\u015bci. Ot i r\u00f3\u017cnica!<\/p>\n","protected":false},"excerpt":{"rendered":"<p>W\u0142a\u015bnie go podziwiacie. Emir zast\u0105pi\u0142 Gazd\u0119, kt\u00f3ry zosta\u0142 sprzedany i wyjecha\u0142 gdzie\u015b dalej w Polsk\u0119. Tu w mojej gminie mia\u0142 ju\u017c mn\u00f3stwo potomstwa i chyba dochodzi\u0142o do jaki\u015b niedozwolonych kontakt\u00f3w z w\u0142asnymi c\u00f3rkami wi\u0119c\u00a0 gniadego Gazd\u0119 zast\u0105pi\u0142 kary Emir. Jest troch\u0119 wi\u0119kszy no i oczywi\u015bcie m\u0142odszy. Cieszy si\u0119 te\u017c w okolicznych wsiach wielkim powodzeniem. My\u015bl\u0119, [&hellip;]<\/p>\n","protected":false},"author":2,"featured_media":0,"comment_status":"open","ping_status":"open","sticky":false,"template":"","format":"standard","meta":{"footnotes":""},"categories":[1],"tags":[],"_links":{"self":[{"href":"https:\/\/blog.polityka.pl\/adamczewski\/wp-json\/wp\/v2\/posts\/2472"}],"collection":[{"href":"https:\/\/blog.polityka.pl\/adamczewski\/wp-json\/wp\/v2\/posts"}],"about":[{"href":"https:\/\/blog.polityka.pl\/adamczewski\/wp-json\/wp\/v2\/types\/post"}],"author":[{"embeddable":true,"href":"https:\/\/blog.polityka.pl\/adamczewski\/wp-json\/wp\/v2\/users\/2"}],"replies":[{"embeddable":true,"href":"https:\/\/blog.polityka.pl\/adamczewski\/wp-json\/wp\/v2\/comments?post=2472"}],"version-history":[{"count":1,"href":"https:\/\/blog.polityka.pl\/adamczewski\/wp-json\/wp\/v2\/posts\/2472\/revisions"}],"predecessor-version":[{"id":2475,"href":"https:\/\/blog.polityka.pl\/adamczewski\/wp-json\/wp\/v2\/posts\/2472\/revisions\/2475"}],"wp:attachment":[{"href":"https:\/\/blog.polityka.pl\/adamczewski\/wp-json\/wp\/v2\/media?parent=2472"}],"wp:term":[{"taxonomy":"category","embeddable":true,"href":"https:\/\/blog.polityka.pl\/adamczewski\/wp-json\/wp\/v2\/categories?post=2472"},{"taxonomy":"post_tag","embeddable":true,"href":"https:\/\/blog.polityka.pl\/adamczewski\/wp-json\/wp\/v2\/tags?post=2472"}],"curies":[{"name":"wp","href":"https:\/\/api.w.org\/{rel}","templated":true}]}}