
{"id":2480,"date":"2009-05-31T16:23:42","date_gmt":"2009-05-31T15:23:42","guid":{"rendered":"http:\/\/adamczewscy.pl\/?p=2480"},"modified":"2009-05-31T16:23:42","modified_gmt":"2009-05-31T15:23:42","slug":"szarlotka-z-rabarbarem","status":"publish","type":"post","link":"https:\/\/blog.polityka.pl\/adamczewski\/2009\/05\/31\/szarlotka-z-rabarbarem\/","title":{"rendered":"Szarlotka z rabarbarem"},"content":{"rendered":"<p><em>Na ciasto: Niepe\u0142na szklanka maki, 3 \u0142y\u017cki cukru pudru, p\u00f3\u0142 kostki (200-gramowej) mas\u0142a, jajko, \u0142y\u017cka tartej bu\u0142ki.<br \/>\nNa nadzienie: p\u00f3\u0142 kilograma rabarbaru, szklanka cukru<br \/>\nDo wysmarowania blaszki: \u0142y\u017ceczka mas\u0142a<\/em><\/p>\n<p>1. Obra\u0107 rabarbar, pokroi\u0107 na kawa\u0142ki, posypa\u0107 cukrem, rozgotowa\u0107. Chwil\u0119 odparowywa\u0107 sok.<br \/>\n2. Na stolnicy przesieka\u0107 m\u0105k\u0119 mas\u0142em, doda\u0107 pozosta\u0142e sk\u0142adniki i zagnie\u015b\u0107 ciasto, uformowa\u0107 w kul\u0119 i w\u0142o\u017cy\u0107 na p\u00f3\u0142 godziny do lod\u00f3wki.<br \/>\n3. Po\u0142ow\u0119 ciasta rozwa\u0142kowa\u0107, u\u0142o\u017cy\u0107 na dnie wysmarowanej mas\u0142em blaszki, na nim rabarbar, posypany tart\u0105 bu\u0142k\u0105 i druga warstwa rozwa\u0142kowanego ciasta.<br \/>\n4. Upiec szarlotk\u0119 i piec w temperaturze 180 st C oko\u0142o 40 minut.<\/p>\n","protected":false},"excerpt":{"rendered":"<p>Na ciasto: Niepe\u0142na szklanka maki, 3 \u0142y\u017cki cukru pudru, p\u00f3\u0142 kostki (200-gramowej) mas\u0142a, jajko, \u0142y\u017cka tartej bu\u0142ki. Na nadzienie: p\u00f3\u0142 kilograma rabarbaru, szklanka cukru Do wysmarowania blaszki: \u0142y\u017ceczka mas\u0142a 1. Obra\u0107 rabarbar, pokroi\u0107 na kawa\u0142ki, posypa\u0107 cukrem, rozgotowa\u0107. Chwil\u0119 odparowywa\u0107 sok. 2. Na stolnicy przesieka\u0107 m\u0105k\u0119 mas\u0142em, doda\u0107 pozosta\u0142e sk\u0142adniki i zagnie\u015b\u0107 ciasto, uformowa\u0107 w [&hellip;]<\/p>\n","protected":false},"author":2,"featured_media":0,"comment_status":"open","ping_status":"open","sticky":false,"template":"","format":"standard","meta":{"footnotes":""},"categories":[1],"tags":[],"_links":{"self":[{"href":"https:\/\/blog.polityka.pl\/adamczewski\/wp-json\/wp\/v2\/posts\/2480"}],"collection":[{"href":"https:\/\/blog.polityka.pl\/adamczewski\/wp-json\/wp\/v2\/posts"}],"about":[{"href":"https:\/\/blog.polityka.pl\/adamczewski\/wp-json\/wp\/v2\/types\/post"}],"author":[{"embeddable":true,"href":"https:\/\/blog.polityka.pl\/adamczewski\/wp-json\/wp\/v2\/users\/2"}],"replies":[{"embeddable":true,"href":"https:\/\/blog.polityka.pl\/adamczewski\/wp-json\/wp\/v2\/comments?post=2480"}],"version-history":[{"count":0,"href":"https:\/\/blog.polityka.pl\/adamczewski\/wp-json\/wp\/v2\/posts\/2480\/revisions"}],"wp:attachment":[{"href":"https:\/\/blog.polityka.pl\/adamczewski\/wp-json\/wp\/v2\/media?parent=2480"}],"wp:term":[{"taxonomy":"category","embeddable":true,"href":"https:\/\/blog.polityka.pl\/adamczewski\/wp-json\/wp\/v2\/categories?post=2480"},{"taxonomy":"post_tag","embeddable":true,"href":"https:\/\/blog.polityka.pl\/adamczewski\/wp-json\/wp\/v2\/tags?post=2480"}],"curies":[{"name":"wp","href":"https:\/\/api.w.org\/{rel}","templated":true}]}}