
{"id":2487,"date":"2011-05-04T08:00:53","date_gmt":"2011-05-04T06:00:53","guid":{"rendered":"http:\/\/adamczewski.blog.polityka.pl\/?p=2487"},"modified":"2011-11-30T15:18:36","modified_gmt":"2011-11-30T14:18:36","slug":"zgadnij-co-gotujemy-65","status":"publish","type":"post","link":"https:\/\/blog.polityka.pl\/adamczewski\/2011\/05\/04\/zgadnij-co-gotujemy-65\/","title":{"rendered":"Zgadnij co gotujemy?"},"content":{"rendered":"<p><a href=\"\/wp-content\/uploads\/2011\/04\/Dilmah-i-Kuzniecow.jpg\"><img loading=\"lazy\" decoding=\"async\" class=\"aligncenter size-medium wp-image-2489\" title=\"OLYMPUS DIGITAL CAMERA\" src=\"\/wp-content\/uploads\/2011\/04\/Dilmah-i-Kuzniecow-300x225.jpg\" alt=\"\" width=\"300\" height=\"225\" srcset=\"\/adamczewski\/wp-content\/uploads\/2011\/04\/Dilmah-i-Kuzniecow-300x225.jpg 300w, \/adamczewski\/wp-content\/uploads\/2011\/04\/Dilmah-i-Kuzniecow.jpg 640w\" sizes=\"(max-width: 300px) 100vw, 300px\" \/><\/a><\/p>\n<p><em>Ksi\u0105\u017cka o herbacie w towarzystwie porcelany Kuzniecowa <\/em><\/p>\n<p>Dzi\u015b quiz herbaciany. Nagrod\u0105 jest bowiem ksi\u0105\u017cka (przepi\u0119knie opracowana i wydana) Edwina Soona &#8222;Herbata wed\u0142ug Dilmah&#8221;. Do\u0142o\u017cyli\u015bmy do niej swoje trzy grosze pisz\u0105c polski wst\u0119p i jeden z rozdzia\u0142\u00f3w.<\/p>\n<p>Ksi\u0105\u017cka zawiera nie tylko mn\u00f3stwo informacji o herbacie, jej pochodzeniu, uprawie i sposobach picia lecz tak\u017ce gar\u015b\u0107 przepis\u00f3w z herbat\u0105 w roli g\u0142\u00f3wnej. Warto j\u0105 mie\u0107 na p\u00f3\u0142ce i czasem po ni\u0105 si\u0119ga\u0107.<\/p>\n<p>No to do roboty.<\/p>\n<p>1 &#8211;\u00a0 Czym si\u0119 r\u00f3\u017cni herbata Broken Orange Pekoe\u00a0 od Orange Pekoe?<\/p>\n<p>2\u00a0&#8211; Dlaczego zbieraczki herbaty bardzo uwa\u017caj\u0105 by nie z\u0142ama\u0107 \u017cadnego listka wrzucanego do kosza wisz\u0105cego na ich plecach?<\/p>\n<p>3\u00a0&#8211; Czy zielona herbata i czarna herbata pochodz\u0105 z\u00a0 r\u00f3\u017cnych gatunk\u00f3w krzew\u00f3w?<\/p>\n<p>I ju\u017c wszystko jasne? Czekam wi\u0119c na odpowiedzi pod adresem <a href=\"mailto:internet@polityka.com.pl\">internet@polityka.com.pl<\/a><\/p>\n<p>A nagrod\u0119\u00a0 mo\u017cecie obejrze\u0107 na zdj\u0119ciu. Mam na my\u015bli ksi\u0105\u017ck\u0119, bo porcelana Kuzniecowa nie jest nagrod\u0105.<\/p>\n","protected":false},"excerpt":{"rendered":"<p>Ksi\u0105\u017cka o herbacie w towarzystwie porcelany Kuzniecowa Dzi\u015b quiz herbaciany. Nagrod\u0105 jest bowiem ksi\u0105\u017cka (przepi\u0119knie opracowana i wydana) Edwina Soona &#8222;Herbata wed\u0142ug Dilmah&#8221;. Do\u0142o\u017cyli\u015bmy do niej swoje trzy grosze pisz\u0105c polski wst\u0119p i jeden z rozdzia\u0142\u00f3w. Ksi\u0105\u017cka zawiera nie tylko mn\u00f3stwo informacji o herbacie, jej pochodzeniu, uprawie i sposobach picia lecz tak\u017ce gar\u015b\u0107 przepis\u00f3w z [&hellip;]<\/p>\n","protected":false},"author":2,"featured_media":0,"comment_status":"open","ping_status":"open","sticky":false,"template":"","format":"standard","meta":{"footnotes":""},"categories":[1],"tags":[],"_links":{"self":[{"href":"https:\/\/blog.polityka.pl\/adamczewski\/wp-json\/wp\/v2\/posts\/2487"}],"collection":[{"href":"https:\/\/blog.polityka.pl\/adamczewski\/wp-json\/wp\/v2\/posts"}],"about":[{"href":"https:\/\/blog.polityka.pl\/adamczewski\/wp-json\/wp\/v2\/types\/post"}],"author":[{"embeddable":true,"href":"https:\/\/blog.polityka.pl\/adamczewski\/wp-json\/wp\/v2\/users\/2"}],"replies":[{"embeddable":true,"href":"https:\/\/blog.polityka.pl\/adamczewski\/wp-json\/wp\/v2\/comments?post=2487"}],"version-history":[{"count":4,"href":"https:\/\/blog.polityka.pl\/adamczewski\/wp-json\/wp\/v2\/posts\/2487\/revisions"}],"predecessor-version":[{"id":2491,"href":"https:\/\/blog.polityka.pl\/adamczewski\/wp-json\/wp\/v2\/posts\/2487\/revisions\/2491"}],"wp:attachment":[{"href":"https:\/\/blog.polityka.pl\/adamczewski\/wp-json\/wp\/v2\/media?parent=2487"}],"wp:term":[{"taxonomy":"category","embeddable":true,"href":"https:\/\/blog.polityka.pl\/adamczewski\/wp-json\/wp\/v2\/categories?post=2487"},{"taxonomy":"post_tag","embeddable":true,"href":"https:\/\/blog.polityka.pl\/adamczewski\/wp-json\/wp\/v2\/tags?post=2487"}],"curies":[{"name":"wp","href":"https:\/\/api.w.org\/{rel}","templated":true}]}}